{"id":12575,"global_id":"turismocoria.es\/turismo?id=12575","global_id_lineage":["turismocoria.es\/turismo?id=12575"],"author":"4","status":"publish","date":"2024-08-02 13:13:22","date_utc":"2024-08-02 11:13:22","modified":"2024-08-02 13:14:07","modified_utc":"2024-08-02 11:14:07","url":"https:\/\/turismocoria.es\/turismo\/evento\/mercado-artesanal-de-las-velas-2024\/","rest_url":"https:\/\/turismocoria.es\/turismo\/wp-json\/tribe\/events\/v1\/events\/12575","title":"Mercado Artesanal de las Velas 2024","description":"<div class=\"tribe-events-schedule tribe-clearfix\">\n\t<h2 class=\"tribe-events-schedule__datetime\">\n\t\t<span class=\"tribe-events-schedule__date tribe-events-schedule__date--start\">\n\t\t\t\t\t<\/span>\n\n\t\t\t\t\t<span class=\"tribe-events-schedule__separator tribe-events-schedule__separator--date\">\n\t\t\t\t&#8211;\t\t\t<\/span>\n\t\t\t<span class=\"tribe-events-schedule__time tribe-events-schedule__time--start\">\n\t\t\t\t\t\t\t<\/span>\n\t\t\n\t\t\t<\/h2>\n<\/div>\n\n\n\n<p>Organizado por el Ayuntamiento de Coria<\/p>\n\n\n\n<p>Espect\u00e1culo y Exposici\u00f3n de Cetrer\u00eda. Puerta del Perd\u00f3n. Atrio del Perd\u00f3n de la Catedral. 22:00 h. a 02:00 h.<\/p>\n\n\n\n<p>Iluminaci\u00f3n de las principales plazas y calles por velas de ambientaci\u00f3n c\u00e1lida y veraniega.<\/p>\n\n\n\n<p>M\u00fasica ambiente de 22:30 h. a 00:30 h.<\/p>\n\n\n\n<p>Guitarra: Plaza de la Cava.<\/p>\n\n\n\n<p>Piano: Plaza de San Pedro.<\/p>\n\n\n\n<p>Viol\u00edn: Plaza de la Catedral.<\/p>\n\n\n\n<p>Flauta y Clarinete: Plaza de Espa\u00f1a.<\/p>\n\n\n\n<p>Photocall de 22:00 h. a 00:00 h. Espect\u00e1culo de fantas\u00eda de globos e iluminaci\u00f3n, adem\u00e1s del personaje estrella de la noche: La Vela.<\/p>\n\n\n\n<p>Mini Feria gratuita. 22:00 h. a 02:00 h. Plaza de San Juan.<\/p>\n\n\n\n<p>Mesas de Juegos 22:00 h. a 02:00 h. Plaza de San Juan.<\/p>\n\n\n\n<p>Taller de pompas gigantes 22:00 h. a 02:00 h. Plaza de San Juan.<\/p>\n\n\n<div class=\"tribe-block tribe-block__event-price\">\n\t\t<\/div>\n\n\n<div class=\"tribe-block tribe-block__organizer__details tribe-clearfix\">\n\t<div class=\"tribe-block__organizer__title\">\n\t\t<h3><a href=\"https:\/\/turismocoria.es\/turismo\/organizer\/ayuntamiento-de-coria\/\" title=\"Ayuntamiento de Coria\" target=\"_self\" rel=\"\">Ayuntamiento de Coria<\/a><\/h3>\n\t<\/div>\n\t\t\t<\/div>\n\n\n<div class=\"tribe-block tribe-block__venue \">\n\t\n\t\t\n\t<\/div>\n\n\n\n\n\t<div class=\"tribe-block tribe-block__events-link\">\n\t\t<div class=\"tribe-events tribe-common\">\n\t\t\t<div class=\"tribe-events-c-subscribe-dropdown__container\">\n\t\t\t\t<div class=\"tribe-events-c-subscribe-dropdown\">\n\t\t\t\t\t<div class=\"tribe-common-c-btn-border tribe-events-c-subscribe-dropdown__button\" tabindex=\"0\">\n\t\t\t\t\t\t<svg  class=\"tribe-common-c-svgicon tribe-common-c-svgicon--cal-export tribe-events-c-subscribe-dropdown__export-icon\"  viewBox=\"0 0 23 17\" xmlns=\"http:\/\/www.w3.org\/2000\/svg\">\n  <path fill-rule=\"evenodd\" clip-rule=\"evenodd\" d=\"M.128.896V16.13c0 .211.145.383.323.383h15.354c.179 0 .323-.172.323-.383V.896c0-.212-.144-.383-.323-.383H.451C.273.513.128.684.128.896Zm16 6.742h-.901V4.679H1.009v10.729h14.218v-3.336h.901V7.638ZM1.01 1.614h14.218v2.058H1.009V1.614Z\" \/>\n  <path d=\"M20.5 9.846H8.312M18.524 6.953l2.89 2.909-2.855 2.855\" stroke-width=\"1.2\" stroke-linecap=\"round\" stroke-linejoin=\"round\"\/>\n<\/svg>\n\t\t\t\t\t\t<button class=\"tribe-events-c-subscribe-dropdown__button-text\">\n\t\t\t\t\t\t\tA\u00f1adir al calendario\t\t\t\t\t\t<\/button>\n\t\t\t\t\t\t<svg  class=\"tribe-common-c-svgicon tribe-common-c-svgicon--caret-down tribe-events-c-subscribe-dropdown__button-icon\"  viewBox=\"0 0 10 7\" xmlns=\"http:\/\/www.w3.org\/2000\/svg\"><path fill-rule=\"evenodd\" clip-rule=\"evenodd\" d=\"M1.008.609L5 4.6 8.992.61l.958.958L5 6.517.05 1.566l.958-.958z\" class=\"tribe-common-c-svgicon__svg-fill\"\/><\/svg>\n\t\t\t\t\t<\/div>\n\t\t\t\t\t<div class=\"tribe-events-c-subscribe-dropdown__content\">\n\t\t\t\t\t\t<ul class=\"tribe-events-c-subscribe-dropdown__list\" tabindex=\"0\">\n\t\t\t\t\t\t\t\t\t\t\t\t\t\t\t<li class=\"tribe-events-c-subscribe-dropdown__list-item\">\n\t\t\t\t\t\t\t\t\t<a\n\t\t\t\t\t\t\t\t\t\thref=\"\"\n\t\t\t\t\t\t\t\t\t\tclass=\"tribe-events-c-subscribe-dropdown__list-item-link\"\n\t\t\t\t\t\t\t\t\t\ttabindex=\"0\"\n\t\t\t\t\t\t\t\t\t\ttarget=\"_blank\"\n\t\t\t\t\t\t\t\t\t\trel=\"noopener noreferrer nofollow noindex\"\n\t\t\t\t\t\t\t\t\t>\n\t\t\t\t\t\t\t\t\t\tGoogle Calendar\t\t\t\t\t\t\t\t\t<\/a>\n\t\t\t\t\t\t\t\t<\/li>\n\t\t\t\t\t\t\t\t\t\t\t\t\t\t\t<li class=\"tribe-events-c-subscribe-dropdown__list-item\">\n\t\t\t\t\t\t\t\t\t<a\n\t\t\t\t\t\t\t\t\t\thref=\"\"\n\t\t\t\t\t\t\t\t\t\tclass=\"tribe-events-c-subscribe-dropdown__list-item-link\"\n\t\t\t\t\t\t\t\t\t\ttabindex=\"0\"\n\t\t\t\t\t\t\t\t\t\ttarget=\"_blank\"\n\t\t\t\t\t\t\t\t\t\trel=\"noopener noreferrer nofollow noindex\"\n\t\t\t\t\t\t\t\t\t>\n\t\t\t\t\t\t\t\t\t\tiCalendar\t\t\t\t\t\t\t\t\t<\/a>\n\t\t\t\t\t\t\t\t<\/li>\n\t\t\t\t\t\t\t\t\t\t\t\t\t\t\t<li class=\"tribe-events-c-subscribe-dropdown__list-item\">\n\t\t\t\t\t\t\t\t\t<a\n\t\t\t\t\t\t\t\t\t\thref=\"\"\n\t\t\t\t\t\t\t\t\t\tclass=\"tribe-events-c-subscribe-dropdown__list-item-link\"\n\t\t\t\t\t\t\t\t\t\ttabindex=\"0\"\n\t\t\t\t\t\t\t\t\t\ttarget=\"_blank\"\n\t\t\t\t\t\t\t\t\t\trel=\"noopener noreferrer nofollow noindex\"\n\t\t\t\t\t\t\t\t\t>\n\t\t\t\t\t\t\t\t\t\tOutlook 365\t\t\t\t\t\t\t\t\t<\/a>\n\t\t\t\t\t\t\t\t<\/li>\n\t\t\t\t\t\t\t\t\t\t\t\t\t\t\t<li class=\"tribe-events-c-subscribe-dropdown__list-item\">\n\t\t\t\t\t\t\t\t\t<a\n\t\t\t\t\t\t\t\t\t\thref=\"\"\n\t\t\t\t\t\t\t\t\t\tclass=\"tribe-events-c-subscribe-dropdown__list-item-link\"\n\t\t\t\t\t\t\t\t\t\ttabindex=\"0\"\n\t\t\t\t\t\t\t\t\t\ttarget=\"_blank\"\n\t\t\t\t\t\t\t\t\t\trel=\"noopener noreferrer nofollow noindex\"\n\t\t\t\t\t\t\t\t\t>\n\t\t\t\t\t\t\t\t\t\tOutlook Live\t\t\t\t\t\t\t\t\t<\/a>\n\t\t\t\t\t\t\t\t<\/li>\n\t\t\t\t\t\t\t\t\t\t\t\t\t<\/ul>\n\t\t\t\t\t<\/div>\n\t\t\t\t<\/div>\n\t\t\t<\/div>\n\t\t<\/div>\n\t<\/div>","excerpt":"","slug":"mercado-artesanal-de-las-velas-2024","image":{"url":"https:\/\/turismocoria.es\/turismo\/wp-content\/uploads\/2024\/08\/mercado-velas.jpg","id":12576,"extension":"jpg","width":2560,"height":1920,"filesize":503568,"sizes":{"medium":{"width":300,"height":225,"mime-type":"image\/jpeg","filesize":13852,"url":"https:\/\/turismocoria.es\/turismo\/wp-content\/uploads\/2024\/08\/mercado-velas-300x225.jpg"},"large":{"width":1024,"height":768,"mime-type":"image\/jpeg","filesize":95951,"url":"https:\/\/turismocoria.es\/turismo\/wp-content\/uploads\/2024\/08\/mercado-velas-1024x768.jpg"},"thumbnail":{"width":150,"height":150,"mime-type":"image\/jpeg","filesize":5841,"url":"https:\/\/turismocoria.es\/turismo\/wp-content\/uploads\/2024\/08\/mercado-velas-150x150.jpg"},"medium_large":{"width":768,"height":576,"mime-type":"image\/jpeg","filesize":60000,"url":"https:\/\/turismocoria.es\/turismo\/wp-content\/uploads\/2024\/08\/mercado-velas-768x576.jpg"},"gs-tiny":{"width":50,"height":38,"mime-type":"image\/jpeg","filesize":1021,"url":"https:\/\/turismocoria.es\/turismo\/wp-content\/uploads\/2024\/08\/mercado-velas-50x38.jpg"},"xl":{"width":1600,"height":1200,"mime-type":"image\/jpeg","filesize":207828,"url":"https:\/\/turismocoria.es\/turismo\/wp-content\/uploads\/2024\/08\/mercado-velas-1600x1200.jpg"},"xxl":{"width":2200,"height":1650,"mime-type":"image\/jpeg","filesize":367686,"url":"https:\/\/turismocoria.es\/turismo\/wp-content\/uploads\/2024\/08\/mercado-velas-2200x1650.jpg"},"1536x1536":{"width":1536,"height":1152,"mime-type":"image\/jpeg","filesize":193364,"url":"https:\/\/turismocoria.es\/turismo\/wp-content\/uploads\/2024\/08\/mercado-velas-1536x1152.jpg"},"2048x2048":{"width":2048,"height":1536,"mime-type":"image\/jpeg","filesize":321980,"url":"https:\/\/turismocoria.es\/turismo\/wp-content\/uploads\/2024\/08\/mercado-velas-2048x1536.jpg"},"ultp_layout_landscape_large":{"width":1200,"height":800,"mime-type":"image\/jpeg","filesize":114053,"url":"https:\/\/turismocoria.es\/turismo\/wp-content\/uploads\/2024\/08\/mercado-velas-1200x800.jpg"},"ultp_layout_landscape":{"width":870,"height":570,"mime-type":"image\/jpeg","filesize":66873,"url":"https:\/\/turismocoria.es\/turismo\/wp-content\/uploads\/2024\/08\/mercado-velas-870x570.jpg"},"ultp_layout_portrait":{"width":600,"height":900,"mime-type":"image\/jpeg","filesize":65275,"url":"https:\/\/turismocoria.es\/turismo\/wp-content\/uploads\/2024\/08\/mercado-velas-600x900.jpg"},"ultp_layout_square":{"width":600,"height":600,"mime-type":"image\/jpeg","filesize":49659,"url":"https:\/\/turismocoria.es\/turismo\/wp-content\/uploads\/2024\/08\/mercado-velas-600x600.jpg"},"gb-block-post-grid-landscape":{"width":600,"height":400,"mime-type":"image\/jpeg","filesize":37197,"url":"https:\/\/turismocoria.es\/turismo\/wp-content\/uploads\/2024\/08\/mercado-velas-600x400.jpg"},"gb-block-post-grid-square":{"width":600,"height":600,"mime-type":"image\/jpeg","filesize":49659,"url":"https:\/\/turismocoria.es\/turismo\/wp-content\/uploads\/2024\/08\/mercado-velas-600x600.jpg"}}},"all_day":false,"start_date":"2024-08-14 22:00:00","start_date_details":{"year":"2024","month":"08","day":"14","hour":"22","minutes":"00","seconds":"00"},"end_date":"2024-08-15 02:00:00","end_date_details":{"year":"2024","month":"08","day":"15","hour":"02","minutes":"00","seconds":"00"},"utc_start_date":"2024-08-14 20:00:00","utc_start_date_details":{"year":"2024","month":"08","day":"14","hour":"20","minutes":"00","seconds":"00"},"utc_end_date":"2024-08-15 00:00:00","utc_end_date_details":{"year":"2024","month":"08","day":"15","hour":"00","minutes":"00","seconds":"00"},"timezone":"Europe\/Madrid","timezone_abbr":"","cost":"","cost_details":{"currency_symbol":"\u20ac","currency_code":"EUR","currency_position":"suffix","values":[]},"website":"","show_map":true,"show_map_link":true,"hide_from_listings":false,"sticky":false,"featured":false,"categories":[],"tags":[{"name":"mercado","slug":"mercado","term_group":0,"term_taxonomy_id":391,"taxonomy":"post_tag","description":"","parent":0,"count":2,"filter":"raw","id":391,"urls":{"self":"https:\/\/turismocoria.es\/turismo\/wp-json\/tribe\/events\/v1\/tags\/391","collection":"https:\/\/turismocoria.es\/turismo\/wp-json\/tribe\/events\/v1\/tags"}},{"name":"velas","slug":"velas","term_group":0,"term_taxonomy_id":389,"taxonomy":"post_tag","description":"","parent":0,"count":3,"filter":"raw","id":389,"urls":{"self":"https:\/\/turismocoria.es\/turismo\/wp-json\/tribe\/events\/v1\/tags\/389","collection":"https:\/\/turismocoria.es\/turismo\/wp-json\/tribe\/events\/v1\/tags"}}],"venue":{"id":11916,"author":"3","status":"publish","date":"2023-08-01 12:45:58","date_utc":"2023-08-01 10:45:58","modified":"2023-08-01 12:45:58","modified_utc":"2023-08-01 10:45:58","url":"https:\/\/turismocoria.es\/turismo\/venue\/casco-historico-de-coria\/","venue":"Casco Hist\u00f3rico de Coria","slug":"casco-historico-de-coria","json_ld":{"@type":"Place","name":"Casco Hist\u00f3rico de Coria","description":"","url":"https:\/\/turismocoria.es\/turismo\/venue\/casco-historico-de-coria\/","address":{"@type":"PostalAddress"},"telephone":"","sameAs":""},"show_map":true,"show_map_link":true,"global_id":"turismocoria.es\/turismo?id=11916","global_id_lineage":["turismocoria.es\/turismo?id=11916"]},"organizer":[{"id":11943,"author":"3","status":"publish","date":"2023-08-04 11:57:49","date_utc":"2023-08-04 09:57:49","modified":"2023-08-04 11:57:49","modified_utc":"2023-08-04 09:57:49","url":"https:\/\/turismocoria.es\/turismo\/organizer\/ayuntamiento-de-coria\/","organizer":"Ayuntamiento de Coria","slug":"ayuntamiento-de-coria","json_ld":{"@type":"Person","name":"Ayuntamiento de Coria","description":"","url":"","telephone":"","email":"","sameAs":""},"global_id":"turismocoria.es\/turismo?id=11943","global_id_lineage":["turismocoria.es\/turismo?id=11943"]}],"json_ld":{"@context":"http:\/\/schema.org","@type":"Event","name":"Mercado Artesanal de las Velas 2024","description":"&lt;p&gt;Organizado por el Ayuntamiento de Coria Espect\u00e1culo y Exposici\u00f3n de Cetrer\u00eda. Puerta del Perd\u00f3n. Atrio del Perd\u00f3n de la Catedral. 22:00 h. a 02:00 h. Iluminaci\u00f3n de las principales plazas y calles por velas de ambientaci\u00f3n c\u00e1lida y veraniega. M\u00fasica ambiente de 22:30 h. a 00:30 h. Guitarra: Plaza de la Cava. Piano: Plaza de [&hellip;]&lt;\/p&gt;\\n","image":"https:\/\/turismocoria.es\/turismo\/wp-content\/uploads\/2024\/08\/mercado-velas.jpg","url":"https:\/\/turismocoria.es\/turismo\/evento\/mercado-artesanal-de-las-velas-2024\/","eventAttendanceMode":"https:\/\/schema.org\/OfflineEventAttendanceMode","startDate":"2024-08-14T22:00:00+02:00","endDate":"2024-08-15T02:00:00+02:00","location":{"@type":"Place","name":"Casco Hist\u00f3rico de Coria","description":"","url":"https:\/\/turismocoria.es\/turismo\/venue\/casco-historico-de-coria\/","address":{"@type":"PostalAddress"},"telephone":"","sameAs":""},"organizer":{"@type":"Person","name":"Ayuntamiento de Coria","description":"","url":"","telephone":"","email":"","sameAs":""},"performer":"Organization"}}