{"id":12570,"global_id":"turismocoria.es\/turismo?id=12570","global_id_lineage":["turismocoria.es\/turismo?id=12570"],"author":"4","status":"publish","date":"2024-08-02 11:33:13","date_utc":"2024-08-02 09:33:13","modified":"2024-08-02 13:14:17","modified_utc":"2024-08-02 11:14:17","url":"https:\/\/turismocoria.es\/turismo\/evento\/xliii-festival-de-folklore-de-coria\/","rest_url":"https:\/\/turismocoria.es\/turismo\/wp-json\/tribe\/events\/v1\/events\/12570","title":"XLIII Festival de Folklore de Coria","description":"<div class=\"tribe-events-schedule tribe-clearfix\">\n\t<h2 class=\"tribe-events-schedule__datetime\">\n\t\t<span class=\"tribe-events-schedule__date tribe-events-schedule__date--start\">\n\t\t\t\t\t<\/span>\n\n\t\t\t\t\t<span class=\"tribe-events-schedule__separator tribe-events-schedule__separator--date\">\n\t\t\t\t&#8211;\t\t\t<\/span>\n\t\t\t<span class=\"tribe-events-schedule__time tribe-events-schedule__time--start\">\n\t\t\t\t\t\t\t<\/span>\n\t\t\n\t\t\t<\/h2>\n<\/div>\n\n\n\n<p>Organiza Ayto. De Coria y Asociaci\u00f3n de Coros y Danzas Savia Viva.<br>El Festival contar\u00e1 con la participaci\u00f3n de los grupos: \u201cMontaraces y Charros\u201d de Salamanca, \u201cLa Besana\u201d de San Vicente de Alc\u00e1ntara y \u201cSavia Viva\u201d de Coria.<\/p>\n\n\n\n<p><\/p>\n\n\n<div class=\"tribe-block tribe-block__event-price\">\n\t\t<\/div>\n\n\n<div class=\"tribe-block tribe-block__organizer__details tribe-clearfix\">\n\t<div class=\"tribe-block__organizer__title\">\n\t\t<h3><a href=\"https:\/\/turismocoria.es\/turismo\/organizer\/ayuntamiento-de-coria\/\" title=\"Ayuntamiento de Coria\" target=\"_self\" rel=\"\">Ayuntamiento de Coria<\/a><\/h3>\n\t<\/div>\n\t\t\t<\/div>\n\n\n<div class=\"tribe-block tribe-block__venue \">\n\t\n\t\t\n\t<\/div>\n\n\n\n\n\t<div class=\"tribe-block tribe-block__events-link\">\n\t\t<div class=\"tribe-events tribe-common\">\n\t\t\t<div class=\"tribe-events-c-subscribe-dropdown__container\">\n\t\t\t\t<div class=\"tribe-events-c-subscribe-dropdown\">\n\t\t\t\t\t<div class=\"tribe-common-c-btn-border tribe-events-c-subscribe-dropdown__button\" tabindex=\"0\">\n\t\t\t\t\t\t<svg  class=\"tribe-common-c-svgicon tribe-common-c-svgicon--cal-export tribe-events-c-subscribe-dropdown__export-icon\"  viewBox=\"0 0 23 17\" xmlns=\"http:\/\/www.w3.org\/2000\/svg\">\n  <path fill-rule=\"evenodd\" clip-rule=\"evenodd\" d=\"M.128.896V16.13c0 .211.145.383.323.383h15.354c.179 0 .323-.172.323-.383V.896c0-.212-.144-.383-.323-.383H.451C.273.513.128.684.128.896Zm16 6.742h-.901V4.679H1.009v10.729h14.218v-3.336h.901V7.638ZM1.01 1.614h14.218v2.058H1.009V1.614Z\" \/>\n  <path d=\"M20.5 9.846H8.312M18.524 6.953l2.89 2.909-2.855 2.855\" stroke-width=\"1.2\" stroke-linecap=\"round\" stroke-linejoin=\"round\"\/>\n<\/svg>\n\t\t\t\t\t\t<button class=\"tribe-events-c-subscribe-dropdown__button-text\">\n\t\t\t\t\t\t\tA\u00f1adir al calendario\t\t\t\t\t\t<\/button>\n\t\t\t\t\t\t<svg  class=\"tribe-common-c-svgicon tribe-common-c-svgicon--caret-down tribe-events-c-subscribe-dropdown__button-icon\"  viewBox=\"0 0 10 7\" xmlns=\"http:\/\/www.w3.org\/2000\/svg\"><path fill-rule=\"evenodd\" clip-rule=\"evenodd\" d=\"M1.008.609L5 4.6 8.992.61l.958.958L5 6.517.05 1.566l.958-.958z\" class=\"tribe-common-c-svgicon__svg-fill\"\/><\/svg>\n\t\t\t\t\t<\/div>\n\t\t\t\t\t<div class=\"tribe-events-c-subscribe-dropdown__content\">\n\t\t\t\t\t\t<ul class=\"tribe-events-c-subscribe-dropdown__list\" tabindex=\"0\">\n\t\t\t\t\t\t\t\t\t\t\t\t\t\t\t<li class=\"tribe-events-c-subscribe-dropdown__list-item\">\n\t\t\t\t\t\t\t\t\t<a\n\t\t\t\t\t\t\t\t\t\thref=\"\"\n\t\t\t\t\t\t\t\t\t\tclass=\"tribe-events-c-subscribe-dropdown__list-item-link\"\n\t\t\t\t\t\t\t\t\t\ttabindex=\"0\"\n\t\t\t\t\t\t\t\t\t\ttarget=\"_blank\"\n\t\t\t\t\t\t\t\t\t\trel=\"noopener noreferrer nofollow noindex\"\n\t\t\t\t\t\t\t\t\t>\n\t\t\t\t\t\t\t\t\t\tGoogle Calendar\t\t\t\t\t\t\t\t\t<\/a>\n\t\t\t\t\t\t\t\t<\/li>\n\t\t\t\t\t\t\t\t\t\t\t\t\t\t\t<li class=\"tribe-events-c-subscribe-dropdown__list-item\">\n\t\t\t\t\t\t\t\t\t<a\n\t\t\t\t\t\t\t\t\t\thref=\"\"\n\t\t\t\t\t\t\t\t\t\tclass=\"tribe-events-c-subscribe-dropdown__list-item-link\"\n\t\t\t\t\t\t\t\t\t\ttabindex=\"0\"\n\t\t\t\t\t\t\t\t\t\ttarget=\"_blank\"\n\t\t\t\t\t\t\t\t\t\trel=\"noopener noreferrer nofollow noindex\"\n\t\t\t\t\t\t\t\t\t>\n\t\t\t\t\t\t\t\t\t\tiCalendar\t\t\t\t\t\t\t\t\t<\/a>\n\t\t\t\t\t\t\t\t<\/li>\n\t\t\t\t\t\t\t\t\t\t\t\t\t\t\t<li class=\"tribe-events-c-subscribe-dropdown__list-item\">\n\t\t\t\t\t\t\t\t\t<a\n\t\t\t\t\t\t\t\t\t\thref=\"\"\n\t\t\t\t\t\t\t\t\t\tclass=\"tribe-events-c-subscribe-dropdown__list-item-link\"\n\t\t\t\t\t\t\t\t\t\ttabindex=\"0\"\n\t\t\t\t\t\t\t\t\t\ttarget=\"_blank\"\n\t\t\t\t\t\t\t\t\t\trel=\"noopener noreferrer nofollow noindex\"\n\t\t\t\t\t\t\t\t\t>\n\t\t\t\t\t\t\t\t\t\tOutlook 365\t\t\t\t\t\t\t\t\t<\/a>\n\t\t\t\t\t\t\t\t<\/li>\n\t\t\t\t\t\t\t\t\t\t\t\t\t\t\t<li class=\"tribe-events-c-subscribe-dropdown__list-item\">\n\t\t\t\t\t\t\t\t\t<a\n\t\t\t\t\t\t\t\t\t\thref=\"\"\n\t\t\t\t\t\t\t\t\t\tclass=\"tribe-events-c-subscribe-dropdown__list-item-link\"\n\t\t\t\t\t\t\t\t\t\ttabindex=\"0\"\n\t\t\t\t\t\t\t\t\t\ttarget=\"_blank\"\n\t\t\t\t\t\t\t\t\t\trel=\"noopener noreferrer nofollow noindex\"\n\t\t\t\t\t\t\t\t\t>\n\t\t\t\t\t\t\t\t\t\tOutlook Live\t\t\t\t\t\t\t\t\t<\/a>\n\t\t\t\t\t\t\t\t<\/li>\n\t\t\t\t\t\t\t\t\t\t\t\t\t<\/ul>\n\t\t\t\t\t<\/div>\n\t\t\t\t<\/div>\n\t\t\t<\/div>\n\t\t<\/div>\n\t<\/div>","excerpt":"","slug":"xliii-festival-de-folklore-de-coria","image":{"url":"https:\/\/turismocoria.es\/turismo\/wp-content\/uploads\/2024\/08\/festival-folklorico-2024.jpg","id":12572,"extension":"jpg","width":1448,"height":2048,"filesize":556430,"sizes":{"medium":{"width":212,"height":300,"mime-type":"image\/jpeg","filesize":26378,"url":"https:\/\/turismocoria.es\/turismo\/wp-content\/uploads\/2024\/08\/festival-folklorico-2024-212x300.jpg"},"large":{"width":724,"height":1024,"mime-type":"image\/jpeg","filesize":178719,"url":"https:\/\/turismocoria.es\/turismo\/wp-content\/uploads\/2024\/08\/festival-folklorico-2024-724x1024.jpg"},"thumbnail":{"width":150,"height":150,"mime-type":"image\/jpeg","filesize":11248,"url":"https:\/\/turismocoria.es\/turismo\/wp-content\/uploads\/2024\/08\/festival-folklorico-2024-150x150.jpg"},"medium_large":{"width":768,"height":1086,"mime-type":"image\/jpeg","filesize":196474,"url":"https:\/\/turismocoria.es\/turismo\/wp-content\/uploads\/2024\/08\/festival-folklorico-2024-768x1086.jpg"},"gs-tiny":{"width":50,"height":71,"mime-type":"image\/jpeg","filesize":2629,"url":"https:\/\/turismocoria.es\/turismo\/wp-content\/uploads\/2024\/08\/festival-folklorico-2024-50x71.jpg"},"1536x1536":{"width":1086,"height":1536,"mime-type":"image\/jpeg","filesize":327381,"url":"https:\/\/turismocoria.es\/turismo\/wp-content\/uploads\/2024\/08\/festival-folklorico-2024-1086x1536.jpg"},"ultp_layout_landscape_large":{"width":1200,"height":800,"mime-type":"image\/jpeg","filesize":175465,"url":"https:\/\/turismocoria.es\/turismo\/wp-content\/uploads\/2024\/08\/festival-folklorico-2024-1200x800.jpg"},"ultp_layout_landscape":{"width":870,"height":570,"mime-type":"image\/jpeg","filesize":109417,"url":"https:\/\/turismocoria.es\/turismo\/wp-content\/uploads\/2024\/08\/festival-folklorico-2024-870x570.jpg"},"ultp_layout_portrait":{"width":600,"height":900,"mime-type":"image\/jpeg","filesize":143139,"url":"https:\/\/turismocoria.es\/turismo\/wp-content\/uploads\/2024\/08\/festival-folklorico-2024-600x900.jpg"},"ultp_layout_square":{"width":600,"height":600,"mime-type":"image\/jpeg","filesize":102831,"url":"https:\/\/turismocoria.es\/turismo\/wp-content\/uploads\/2024\/08\/festival-folklorico-2024-600x600.jpg"},"gb-block-post-grid-landscape":{"width":600,"height":400,"mime-type":"image\/jpeg","filesize":64774,"url":"https:\/\/turismocoria.es\/turismo\/wp-content\/uploads\/2024\/08\/festival-folklorico-2024-600x400.jpg"},"gb-block-post-grid-square":{"width":600,"height":600,"mime-type":"image\/jpeg","filesize":102831,"url":"https:\/\/turismocoria.es\/turismo\/wp-content\/uploads\/2024\/08\/festival-folklorico-2024-600x600.jpg"}}},"all_day":false,"start_date":"2024-08-10 22:00:00","start_date_details":{"year":"2024","month":"08","day":"10","hour":"22","minutes":"00","seconds":"00"},"end_date":"2024-08-10 23:30:00","end_date_details":{"year":"2024","month":"08","day":"10","hour":"23","minutes":"30","seconds":"00"},"utc_start_date":"2024-08-10 20:00:00","utc_start_date_details":{"year":"2024","month":"08","day":"10","hour":"20","minutes":"00","seconds":"00"},"utc_end_date":"2024-08-10 21:30:00","utc_end_date_details":{"year":"2024","month":"08","day":"10","hour":"21","minutes":"30","seconds":"00"},"timezone":"Europe\/Madrid","timezone_abbr":"","cost":"","cost_details":{"currency_symbol":"\u20ac","currency_code":"EUR","currency_position":"suffix","values":[]},"website":"","show_map":true,"show_map_link":true,"hide_from_listings":false,"sticky":false,"featured":false,"categories":[],"tags":[],"venue":{"id":12571,"author":"3","status":"publish","date":"2024-08-02 11:33:15","date_utc":"2024-08-02 09:33:15","modified":"2024-08-02 11:33:15","modified_utc":"2024-08-02 09:33:15","url":"https:\/\/turismocoria.es\/turismo\/venue\/puerta-del-perdon-de-la-catedral\/","venue":"Puerta del Perd\u00f3n de la Catedral","slug":"puerta-del-perdon-de-la-catedral","address":"Plaza de la Catedral s\/n","city":"Coria","country":"Espa\u00f1a","zip":"10800","json_ld":{"@type":"Place","name":"Puerta del Perd\u00f3n de la Catedral","description":"","url":"https:\/\/turismocoria.es\/turismo\/venue\/puerta-del-perdon-de-la-catedral\/","address":{"@type":"PostalAddress","streetAddress":"Plaza de la Catedral s\/n","addressLocality":"Coria","postalCode":"10800","addressCountry":"Espa\u00f1a"},"telephone":"","sameAs":""},"show_map":true,"show_map_link":true,"global_id":"turismocoria.es\/turismo?id=12571","global_id_lineage":["turismocoria.es\/turismo?id=12571"]},"organizer":[{"id":11943,"author":"3","status":"publish","date":"2023-08-04 11:57:49","date_utc":"2023-08-04 09:57:49","modified":"2023-08-04 11:57:49","modified_utc":"2023-08-04 09:57:49","url":"https:\/\/turismocoria.es\/turismo\/organizer\/ayuntamiento-de-coria\/","organizer":"Ayuntamiento de Coria","slug":"ayuntamiento-de-coria","json_ld":{"@type":"Person","name":"Ayuntamiento de Coria","description":"","url":"","telephone":"","email":"","sameAs":""},"global_id":"turismocoria.es\/turismo?id=11943","global_id_lineage":["turismocoria.es\/turismo?id=11943"]}],"json_ld":{"@context":"http:\/\/schema.org","@type":"Event","name":"XLIII Festival de Folklore de Coria","description":"&lt;p&gt;Organiza Ayto. De Coria y Asociaci\u00f3n de Coros y Danzas Savia Viva.El Festival contar\u00e1 con la participaci\u00f3n de los grupos: \u201cMontaraces y Charros\u201d de Salamanca, \u201cLa Besana\u201d de San Vicente de Alc\u00e1ntara y \u201cSavia Viva\u201d de Coria.&lt;\/p&gt;\\n","image":"https:\/\/turismocoria.es\/turismo\/wp-content\/uploads\/2024\/08\/festival-folklorico-2024.jpg","url":"https:\/\/turismocoria.es\/turismo\/evento\/xliii-festival-de-folklore-de-coria\/","eventAttendanceMode":"https:\/\/schema.org\/OfflineEventAttendanceMode","startDate":"2024-08-10T22:00:00+02:00","endDate":"2024-08-10T23:30:00+02:00","location":{"@type":"Place","name":"Puerta del Perd\u00f3n de la Catedral","description":"","url":"https:\/\/turismocoria.es\/turismo\/venue\/puerta-del-perdon-de-la-catedral\/","address":{"@type":"PostalAddress","streetAddress":"Plaza de la Catedral s\/n","addressLocality":"Coria","postalCode":"10800","addressCountry":"Espa\u00f1a"},"telephone":"","sameAs":""},"organizer":{"@type":"Person","name":"Ayuntamiento de Coria","description":"","url":"","telephone":"","email":"","sameAs":""},"performer":"Organization"}}