{"id":11500,"global_id":"turismocoria.es\/turismo?id=11500","global_id_lineage":["turismocoria.es\/turismo?id=11500"],"author":"4","status":"publish","date":"2023-02-02 11:12:56","date_utc":"2023-02-02 10:12:56","modified":"2023-02-17 14:57:00","modified_utc":"2023-02-17 13:57:00","url":"https:\/\/turismocoria.es\/turismo\/evento\/carnaval\/","rest_url":"https:\/\/turismocoria.es\/turismo\/wp-json\/tribe\/events\/v1\/events\/11500","title":"Carnaval","description":"<div class=\"tribe-events-schedule tribe-clearfix\">\n\t<h2 class=\"tribe-events-schedule__datetime\">\n\t\t<span class=\"tribe-events-schedule__date tribe-events-schedule__date--start\">\n\t\t\t\t\t<\/span>\n\n\t\t\t\t\t<span class=\"tribe-events-schedule__separator tribe-events-schedule__separator--date\">\n\t\t\t\t&#8211;\t\t\t<\/span>\n\t\t\t<span class=\"tribe-events-schedule__time tribe-events-schedule__time--start\">\n\t\t\t\t\t\t\t<\/span>\n\t\t\n\t\t\t<\/h2>\n<\/div>\n\n\n\n<figure class=\"wp-block-image alignleft size-large is-resized\"><img loading=\"lazy\" decoding=\"async\" src=\"https:\/\/turismocoria.es\/turismo\/wp-content\/uploads\/2023\/02\/CartelCarnavalCoria2023-724x1024.jpeg\" alt=\"\" class=\"wp-image-11534\" width=\"362\" height=\"512\" srcset=\"https:\/\/turismocoria.es\/turismo\/wp-content\/uploads\/2023\/02\/CartelCarnavalCoria2023-724x1024.jpeg 724w, https:\/\/turismocoria.es\/turismo\/wp-content\/uploads\/2023\/02\/CartelCarnavalCoria2023-212x300.jpeg 212w, https:\/\/turismocoria.es\/turismo\/wp-content\/uploads\/2023\/02\/CartelCarnavalCoria2023-768x1086.jpeg 768w, https:\/\/turismocoria.es\/turismo\/wp-content\/uploads\/2023\/02\/CartelCarnavalCoria2023.jpeg 1044w\" sizes=\"(max-width: 362px) 100vw, 362px\" \/><\/figure>\n\n\n\n<p><\/p>\n\n\n\n<p>El Carnaval de Coria se celebrar\u00e1 del <strong>16 al 22 de febrero<\/strong> y contar\u00e1 con varios desfiles de disfraces. <\/p>\n\n\n\n<p>Como novedad este a\u00f1o, el I.E.S. Alag\u00f3n organiza un desfile de disfraces en el que participar\u00e1n los alumnos del mismo centro y tambi\u00e9n alumnos de otros centros educativos de la ciudad. Tendr\u00e1 lugar el d\u00eda <strong>16 a las 12:00h<\/strong> por el recorrido habitual, <strong>Avenida Alfonso VII.<\/strong><\/p>\n\n\n\n<p>El <strong>s\u00e1bado d\u00eda 18<\/strong> tendr\u00e1 lugar el <strong>Primer Desfile-Concurso del Carnaval 2023<\/strong>, ser\u00e1 a las <strong>19:00h<\/strong>. <\/p>\n\n\n\n<p>Al finalizar el desfile se realizar\u00e1 la gala para a elecci\u00f3n de <em><strong>Miss y Mister del Carnaval 2023 <\/strong><\/em>en la <strong>Casa de Cultura.<\/strong><\/p>\n\n\n\n<p>Al d\u00eda siguiente, <strong>domingo 19 a las 18:00h<\/strong> se celebrar\u00e1 un <strong>Desfile Infantil<\/strong> donde los m\u00e1s peque\u00f1os podr\u00e1n lucir sus disfraces y al finalizar se realizar\u00e1 una fiesta con hinchables en la Plaza de la Solidaridad (casa de cultura). <\/p>\n\n\n\n<p>A continuaci\u00f3n, a las <strong>19:00h <\/strong>tendr\u00e1 lugar el <strong>Segundo Desfile-Concurso<\/strong> y al finalizar, a las <strong>21:00h aproximadamente<\/strong>, se har\u00e1 la <strong>Entrega de Premios en la Casa de Cultura.<\/strong><\/p>\n\n\n\n<p>Otra de las novedades este a\u00f1o ser\u00e1 la gran <strong>Fiesta Infantil<\/strong> con hinchables que se celebrar\u00e1 el martes d\u00eda <strong>21 de febrero en la Plaza de la Solidaridad<\/strong> a las <strong>17:30h<\/strong><\/p>\n\n\n\n<p>El Carnaval Cauriense finalizar\u00e1, como es habitual, con la <strong>Sardinada en la Plaza del Norte a las 20:00h del Mi\u00e9rcoles de Ceniza.<\/strong><\/p>\n\n\n<div class=\"tribe-block tribe-block__event-price\">\n\t\t<\/div>\n\n\n\n\n<div class=\"tribe-block tribe-block__venue \">\n\t\n\t\t\n\t<\/div>\n\n\n\n\n\t<div class=\"tribe-block tribe-block__events-link\">\n\t\t<div class=\"tribe-events tribe-common\">\n\t\t\t<div class=\"tribe-events-c-subscribe-dropdown__container\">\n\t\t\t\t<div class=\"tribe-events-c-subscribe-dropdown\">\n\t\t\t\t\t<div class=\"tribe-common-c-btn-border tribe-events-c-subscribe-dropdown__button\" tabindex=\"0\">\n\t\t\t\t\t\t<svg  class=\"tribe-common-c-svgicon tribe-common-c-svgicon--cal-export tribe-events-c-subscribe-dropdown__export-icon\"  viewBox=\"0 0 23 17\" xmlns=\"http:\/\/www.w3.org\/2000\/svg\">\n  <path fill-rule=\"evenodd\" clip-rule=\"evenodd\" d=\"M.128.896V16.13c0 .211.145.383.323.383h15.354c.179 0 .323-.172.323-.383V.896c0-.212-.144-.383-.323-.383H.451C.273.513.128.684.128.896Zm16 6.742h-.901V4.679H1.009v10.729h14.218v-3.336h.901V7.638ZM1.01 1.614h14.218v2.058H1.009V1.614Z\" \/>\n  <path d=\"M20.5 9.846H8.312M18.524 6.953l2.89 2.909-2.855 2.855\" stroke-width=\"1.2\" stroke-linecap=\"round\" stroke-linejoin=\"round\"\/>\n<\/svg>\n\t\t\t\t\t\t<button class=\"tribe-events-c-subscribe-dropdown__button-text\">\n\t\t\t\t\t\t\tA\u00f1adir al calendario\t\t\t\t\t\t<\/button>\n\t\t\t\t\t\t<svg  class=\"tribe-common-c-svgicon tribe-common-c-svgicon--caret-down tribe-events-c-subscribe-dropdown__button-icon\"  viewBox=\"0 0 10 7\" xmlns=\"http:\/\/www.w3.org\/2000\/svg\"><path fill-rule=\"evenodd\" clip-rule=\"evenodd\" d=\"M1.008.609L5 4.6 8.992.61l.958.958L5 6.517.05 1.566l.958-.958z\" class=\"tribe-common-c-svgicon__svg-fill\"\/><\/svg>\n\t\t\t\t\t<\/div>\n\t\t\t\t\t<div class=\"tribe-events-c-subscribe-dropdown__content\">\n\t\t\t\t\t\t<ul class=\"tribe-events-c-subscribe-dropdown__list\" tabindex=\"0\">\n\t\t\t\t\t\t\t\t\t\t\t\t\t\t\t<li class=\"tribe-events-c-subscribe-dropdown__list-item\">\n\t\t\t\t\t\t\t\t\t<a\n\t\t\t\t\t\t\t\t\t\thref=\"\"\n\t\t\t\t\t\t\t\t\t\tclass=\"tribe-events-c-subscribe-dropdown__list-item-link\"\n\t\t\t\t\t\t\t\t\t\ttabindex=\"0\"\n\t\t\t\t\t\t\t\t\t\ttarget=\"_blank\"\n\t\t\t\t\t\t\t\t\t\trel=\"noopener noreferrer nofollow noindex\"\n\t\t\t\t\t\t\t\t\t>\n\t\t\t\t\t\t\t\t\t\tGoogle Calendar\t\t\t\t\t\t\t\t\t<\/a>\n\t\t\t\t\t\t\t\t<\/li>\n\t\t\t\t\t\t\t\t\t\t\t\t\t\t\t<li class=\"tribe-events-c-subscribe-dropdown__list-item\">\n\t\t\t\t\t\t\t\t\t<a\n\t\t\t\t\t\t\t\t\t\thref=\"\"\n\t\t\t\t\t\t\t\t\t\tclass=\"tribe-events-c-subscribe-dropdown__list-item-link\"\n\t\t\t\t\t\t\t\t\t\ttabindex=\"0\"\n\t\t\t\t\t\t\t\t\t\ttarget=\"_blank\"\n\t\t\t\t\t\t\t\t\t\trel=\"noopener noreferrer nofollow noindex\"\n\t\t\t\t\t\t\t\t\t>\n\t\t\t\t\t\t\t\t\t\tiCalendar\t\t\t\t\t\t\t\t\t<\/a>\n\t\t\t\t\t\t\t\t<\/li>\n\t\t\t\t\t\t\t\t\t\t\t\t\t\t\t<li class=\"tribe-events-c-subscribe-dropdown__list-item\">\n\t\t\t\t\t\t\t\t\t<a\n\t\t\t\t\t\t\t\t\t\thref=\"\"\n\t\t\t\t\t\t\t\t\t\tclass=\"tribe-events-c-subscribe-dropdown__list-item-link\"\n\t\t\t\t\t\t\t\t\t\ttabindex=\"0\"\n\t\t\t\t\t\t\t\t\t\ttarget=\"_blank\"\n\t\t\t\t\t\t\t\t\t\trel=\"noopener noreferrer nofollow noindex\"\n\t\t\t\t\t\t\t\t\t>\n\t\t\t\t\t\t\t\t\t\tOutlook 365\t\t\t\t\t\t\t\t\t<\/a>\n\t\t\t\t\t\t\t\t<\/li>\n\t\t\t\t\t\t\t\t\t\t\t\t\t\t\t<li class=\"tribe-events-c-subscribe-dropdown__list-item\">\n\t\t\t\t\t\t\t\t\t<a\n\t\t\t\t\t\t\t\t\t\thref=\"\"\n\t\t\t\t\t\t\t\t\t\tclass=\"tribe-events-c-subscribe-dropdown__list-item-link\"\n\t\t\t\t\t\t\t\t\t\ttabindex=\"0\"\n\t\t\t\t\t\t\t\t\t\ttarget=\"_blank\"\n\t\t\t\t\t\t\t\t\t\trel=\"noopener noreferrer nofollow noindex\"\n\t\t\t\t\t\t\t\t\t>\n\t\t\t\t\t\t\t\t\t\tOutlook Live\t\t\t\t\t\t\t\t\t<\/a>\n\t\t\t\t\t\t\t\t<\/li>\n\t\t\t\t\t\t\t\t\t\t\t\t\t<\/ul>\n\t\t\t\t\t<\/div>\n\t\t\t\t<\/div>\n\t\t\t<\/div>\n\t\t<\/div>\n\t<\/div>","excerpt":"","slug":"carnaval","image":{"url":"https:\/\/turismocoria.es\/turismo\/wp-content\/uploads\/2023\/02\/CartelCarnavalCoria2023.jpeg","id":11534,"extension":"jpeg","width":1044,"height":1476,"filesize":"890070","sizes":{"medium":{"width":212,"height":300,"mime-type":"image\/jpeg","filesize":"30612","url":"https:\/\/turismocoria.es\/turismo\/wp-content\/uploads\/2023\/02\/CartelCarnavalCoria2023-212x300.jpeg"},"large":{"width":724,"height":1024,"mime-type":"image\/jpeg","filesize":"157105","url":"https:\/\/turismocoria.es\/turismo\/wp-content\/uploads\/2023\/02\/CartelCarnavalCoria2023-724x1024.jpeg"},"thumbnail":{"width":150,"height":150,"mime-type":"image\/jpeg","filesize":"21119","url":"https:\/\/turismocoria.es\/turismo\/wp-content\/uploads\/2023\/02\/CartelCarnavalCoria2023-150x150.jpeg"},"medium_large":{"width":768,"height":1086,"mime-type":"image\/jpeg","filesize":"170991","url":"https:\/\/turismocoria.es\/turismo\/wp-content\/uploads\/2023\/02\/CartelCarnavalCoria2023-768x1086.jpeg"},"ultp_layout_landscape_large":{"width":1044,"height":800,"mime-type":"image\/jpeg","filesize":"232158","url":"https:\/\/turismocoria.es\/turismo\/wp-content\/uploads\/2023\/02\/CartelCarnavalCoria2023-1044x800.jpeg"},"ultp_layout_landscape":{"width":870,"height":570,"mime-type":"image\/jpeg","filesize":"140545","url":"https:\/\/turismocoria.es\/turismo\/wp-content\/uploads\/2023\/02\/CartelCarnavalCoria2023-870x570.jpeg"},"ultp_layout_portrait":{"width":600,"height":900,"mime-type":"image\/jpeg","filesize":"127266","url":"https:\/\/turismocoria.es\/turismo\/wp-content\/uploads\/2023\/02\/CartelCarnavalCoria2023-600x900.jpeg"},"ultp_layout_square":{"width":600,"height":600,"mime-type":"image\/jpeg","filesize":"105587","url":"https:\/\/turismocoria.es\/turismo\/wp-content\/uploads\/2023\/02\/CartelCarnavalCoria2023-600x600.jpeg"},"gb-block-post-grid-landscape":{"width":600,"height":400,"mime-type":"image\/jpeg","filesize":"82425","url":"https:\/\/turismocoria.es\/turismo\/wp-content\/uploads\/2023\/02\/CartelCarnavalCoria2023-600x400.jpeg"},"gb-block-post-grid-square":{"width":600,"height":600,"mime-type":"image\/jpeg","filesize":"105587","url":"https:\/\/turismocoria.es\/turismo\/wp-content\/uploads\/2023\/02\/CartelCarnavalCoria2023-600x600.jpeg"}}},"all_day":true,"start_date":"2023-02-16 00:00:00","start_date_details":{"year":"2023","month":"02","day":"16","hour":"00","minutes":"00","seconds":"00"},"end_date":"2023-02-22 23:59:59","end_date_details":{"year":"2023","month":"02","day":"22","hour":"23","minutes":"59","seconds":"59"},"utc_start_date":"2023-02-15 23:00:00","utc_start_date_details":{"year":"2023","month":"02","day":"15","hour":"23","minutes":"00","seconds":"00"},"utc_end_date":"2023-02-22 22:59:59","utc_end_date_details":{"year":"2023","month":"02","day":"22","hour":"22","minutes":"59","seconds":"59"},"timezone":"Europe\/Madrid","timezone_abbr":"","cost":"","cost_details":{"currency_symbol":"\u20ac","currency_code":"EUR","currency_position":"suffix","values":[]},"website":"","show_map":true,"show_map_link":true,"hide_from_listings":false,"sticky":false,"featured":false,"categories":[],"tags":[{"name":"carnaval","slug":"carnaval","term_group":0,"term_taxonomy_id":447,"taxonomy":"post_tag","description":"","parent":0,"count":2,"filter":"raw","id":447,"urls":{"self":"https:\/\/turismocoria.es\/turismo\/wp-json\/tribe\/events\/v1\/tags\/447","collection":"https:\/\/turismocoria.es\/turismo\/wp-json\/tribe\/events\/v1\/tags"}},{"name":"desfile","slug":"desfile","term_group":0,"term_taxonomy_id":449,"taxonomy":"post_tag","description":"","parent":0,"count":1,"filter":"raw","id":449,"urls":{"self":"https:\/\/turismocoria.es\/turismo\/wp-json\/tribe\/events\/v1\/tags\/449","collection":"https:\/\/turismocoria.es\/turismo\/wp-json\/tribe\/events\/v1\/tags"}},{"name":"disfraz","slug":"disfraz","term_group":0,"term_taxonomy_id":445,"taxonomy":"post_tag","description":"","parent":0,"count":1,"filter":"raw","id":445,"urls":{"self":"https:\/\/turismocoria.es\/turismo\/wp-json\/tribe\/events\/v1\/tags\/445","collection":"https:\/\/turismocoria.es\/turismo\/wp-json\/tribe\/events\/v1\/tags"}}],"venue":[],"organizer":[],"json_ld":{"@context":"http:\/\/schema.org","@type":"Event","name":"Carnaval","description":"&lt;p&gt;El Carnaval de Coria se celebrar\u00e1 del 16 al 22 de febrero y contar\u00e1 con varios desfiles de disfraces. Como novedad este a\u00f1o, el I.E.S. Alag\u00f3n organiza un desfile de disfraces en el que participar\u00e1n los alumnos del mismo centro y tambi\u00e9n alumnos de otros centros educativos de la ciudad. Tendr\u00e1 lugar el d\u00eda 16 [&hellip;]&lt;\/p&gt;\\n","image":"https:\/\/turismocoria.es\/turismo\/wp-content\/uploads\/2023\/02\/CartelCarnavalCoria2023.jpeg","url":"https:\/\/turismocoria.es\/turismo\/evento\/carnaval\/","eventAttendanceMode":"https:\/\/schema.org\/OfflineEventAttendanceMode","startDate":"2023-02-16T00:00:00+01:00","endDate":"2023-02-22T23:59:59+01:00","performer":"Organization"}}