{"id":11470,"global_id":"turismocoria.es\/turismo?id=11470","global_id_lineage":["turismocoria.es\/turismo?id=11470"],"author":"4","status":"publish","date":"2023-02-01 11:11:46","date_utc":"2023-02-01 10:11:46","modified":"2024-04-10 08:22:58","modified_utc":"2024-04-10 06:22:58","url":"https:\/\/turismocoria.es\/turismo\/evento\/coria-sabor-de-primavera\/","rest_url":"https:\/\/turismocoria.es\/turismo\/wp-json\/tribe\/events\/v1\/events\/11470","title":"II Coria &#8220;Sabor de Primavera&#8221;","description":"<div class=\"tribe-events-schedule tribe-clearfix\">\n\t<h2 class=\"tribe-events-schedule__datetime\">\n\t\t<span class=\"tribe-events-schedule__date tribe-events-schedule__date--start\">\n\t\t\t\t\t<\/span>\n\n\t\t\t\t\t<span class=\"tribe-events-schedule__separator tribe-events-schedule__separator--date\">\n\t\t\t\t&#8211;\t\t\t<\/span>\n\t\t\t<span class=\"tribe-events-schedule__time tribe-events-schedule__time--start\">\n\t\t\t\t\t\t\t<\/span>\n\t\t\n\t\t\t<\/h2>\n<\/div>\n\n\n\n<p><strong>Cultura, Gastronom\u00eda, Naturaleza y Dehesa.<\/strong><\/p>\n\n\n\n<p><em>Un viaje a trav\u00e9s de los sentidos&#8230;<\/em><\/p>\n\n\n\n<p>Con esta iniciativa se pretende poner en valor los recursos naturales de nuestra localidad, en particular de la Dehesa Boyal de M\u00ednguez. El objetivo de esta actividad es promociona los diferentes aprovechamientos de la Dehesa, su Flora, Fauna y todas las actividades derivadas de la misma.<\/p>\n\n\n\n<p>El programa contar\u00e1 con paseos por la dehesa, visitas a ganader\u00edas del toro bravo, salidas al campo, exposiciones, eventos gastron\u00f3micas, abanderando este \u00faltimo, la II Ruta Gastron\u00f3mica de Tapas \u201cCoria Encueros\u201d.<\/p>\n\n\n\n<p>Coria Sabor de Primavera comenzar\u00e1 el pr\u00f3ximo lunes d\u00eda 8 de abril, coincidiendo con el D\u00eda de la Rosca, donde se celebrar\u00e1n diferentes juegos populares y cooperativos en la zona del Camping y Polideportivo Municipal, de 17 a 19 horas.<br>El plato estrella de la programaci\u00f3n ser\u00e1 la II Ruta Gastron\u00f3mica de Tapas \u201cCoria Encueros\u201d, por los establecimientos participantes de la ciudad, ser\u00e1 del 19 al 21 de abril.<\/p>\n\n\n\n<p>Los d\u00edas 13, 20 y 27 de abril se desarrollar\u00e1n rutas del Toro y la Dehesa: \u201cUn D\u00eda entre Victorinos\u201d, en la Finca Las Tiesas de Santa Mar\u00eda (t\u00e9rmino municipal de Portezuelo). Organiza Victorino Mart\u00edn Turismo y colabora el Ayuntamiento de Coria.<\/p>\n\n\n\n<p>Del 15 de abril al 15 de mayo, tendr\u00e1 lugar la exposici\u00f3n de Carteles Fiestas de San Juan 2024. ser\u00e1 en el patio del Ayuntamiento de Coria.<\/p>\n\n\n\n<p>Adem\u00e1s, el d\u00eda 20, se celebrar\u00e1 una ruta de senderismo y picoteo por la Dehesa de M\u00ednguez con salida a las 09:30h. desde el Puente de Hierro de Coria. Toda la informaci\u00f3n e inscripciones en la Oficina de Turismo. A las 12h. Se desarrollar\u00e1 el I Tentadero Clasificatorio IV Desaf\u00edo de Escuelas Taurinas, ser\u00e1 en la Finca La Herguijuela, organizado por la Asociaci\u00f3n J\u00f3venes Taurinos de Coria.<\/p>\n\n\n\n<p>Dentro de la programaci\u00f3n tambi\u00e9n se enmarca el Paseo Saludable correspondiente al mes de abril, ser\u00e1 el d\u00eda 25, y esta vez el camino a recorrer ser\u00e1 al Santuario-Ermita de Ntra. Sra. Virgen de Argemen, a las 18h con salida desde la casa de cultura.<\/p>\n\n\n\n<p>Por \u00faltimo, Coria Sabor de Primavera pondr\u00e1 el broche final el d\u00eda 28 con el II Tentadero clasificatorio del IV Desaf\u00edo de Escuelas Taurinas, en la Finca 4 Hermanas (ganader\u00eda Enrique Serrano), organizado por la Asociaci\u00f3n J\u00f3venes Taurinos de Coria.<\/p>\n\n\n\n<p>Toda la informaci\u00f3n se encuentra en la p\u00e1gina de: <a href=\"https:\/\/turismocoria.es\/saborprimavera\">https:\/\/turismocoria.es\/saborprimavera<\/a><\/p>\n\n\n<div class=\"tribe-block tribe-block__organizer__details tribe-clearfix\">\n\t<div class=\"tribe-block__organizer__title\">\n\t\t<h3><a href=\"https:\/\/turismocoria.es\/turismo\/organizer\/ayuntamiento-de-coria\/\" title=\"Ayuntamiento de Coria\" target=\"_self\" rel=\"\">Ayuntamiento de Coria<\/a><\/h3>\n\t<\/div>\n\t\t\t<\/div>\n\n\n<div class=\"tribe-block tribe-block__venue \">\n\t\n\t\t\n\t<\/div>\n\n\n\n\n\t<div class=\"tribe-block tribe-block__events-link\">\n\t\t<div class=\"tribe-events tribe-common\">\n\t\t\t<div class=\"tribe-events-c-subscribe-dropdown__container\">\n\t\t\t\t<div class=\"tribe-events-c-subscribe-dropdown\">\n\t\t\t\t\t<div class=\"tribe-common-c-btn-border tribe-events-c-subscribe-dropdown__button\" tabindex=\"0\">\n\t\t\t\t\t\t<svg  class=\"tribe-common-c-svgicon tribe-common-c-svgicon--cal-export tribe-events-c-subscribe-dropdown__export-icon\"  viewBox=\"0 0 23 17\" xmlns=\"http:\/\/www.w3.org\/2000\/svg\">\n  <path fill-rule=\"evenodd\" clip-rule=\"evenodd\" d=\"M.128.896V16.13c0 .211.145.383.323.383h15.354c.179 0 .323-.172.323-.383V.896c0-.212-.144-.383-.323-.383H.451C.273.513.128.684.128.896Zm16 6.742h-.901V4.679H1.009v10.729h14.218v-3.336h.901V7.638ZM1.01 1.614h14.218v2.058H1.009V1.614Z\" \/>\n  <path d=\"M20.5 9.846H8.312M18.524 6.953l2.89 2.909-2.855 2.855\" stroke-width=\"1.2\" stroke-linecap=\"round\" stroke-linejoin=\"round\"\/>\n<\/svg>\n\t\t\t\t\t\t<button class=\"tribe-events-c-subscribe-dropdown__button-text\">\n\t\t\t\t\t\t\tA\u00f1adir al calendario\t\t\t\t\t\t<\/button>\n\t\t\t\t\t\t<svg  class=\"tribe-common-c-svgicon tribe-common-c-svgicon--caret-down tribe-events-c-subscribe-dropdown__button-icon\"  viewBox=\"0 0 10 7\" xmlns=\"http:\/\/www.w3.org\/2000\/svg\"><path fill-rule=\"evenodd\" clip-rule=\"evenodd\" d=\"M1.008.609L5 4.6 8.992.61l.958.958L5 6.517.05 1.566l.958-.958z\" class=\"tribe-common-c-svgicon__svg-fill\"\/><\/svg>\n\t\t\t\t\t<\/div>\n\t\t\t\t\t<div class=\"tribe-events-c-subscribe-dropdown__content\">\n\t\t\t\t\t\t<ul class=\"tribe-events-c-subscribe-dropdown__list\" tabindex=\"0\">\n\t\t\t\t\t\t\t\t\t\t\t\t\t\t\t<li class=\"tribe-events-c-subscribe-dropdown__list-item\">\n\t\t\t\t\t\t\t\t\t<a\n\t\t\t\t\t\t\t\t\t\thref=\"\"\n\t\t\t\t\t\t\t\t\t\tclass=\"tribe-events-c-subscribe-dropdown__list-item-link\"\n\t\t\t\t\t\t\t\t\t\ttabindex=\"0\"\n\t\t\t\t\t\t\t\t\t\ttarget=\"_blank\"\n\t\t\t\t\t\t\t\t\t\trel=\"noopener noreferrer nofollow noindex\"\n\t\t\t\t\t\t\t\t\t>\n\t\t\t\t\t\t\t\t\t\tGoogle Calendar\t\t\t\t\t\t\t\t\t<\/a>\n\t\t\t\t\t\t\t\t<\/li>\n\t\t\t\t\t\t\t\t\t\t\t\t\t\t\t<li class=\"tribe-events-c-subscribe-dropdown__list-item\">\n\t\t\t\t\t\t\t\t\t<a\n\t\t\t\t\t\t\t\t\t\thref=\"\"\n\t\t\t\t\t\t\t\t\t\tclass=\"tribe-events-c-subscribe-dropdown__list-item-link\"\n\t\t\t\t\t\t\t\t\t\ttabindex=\"0\"\n\t\t\t\t\t\t\t\t\t\ttarget=\"_blank\"\n\t\t\t\t\t\t\t\t\t\trel=\"noopener noreferrer nofollow noindex\"\n\t\t\t\t\t\t\t\t\t>\n\t\t\t\t\t\t\t\t\t\tiCalendar\t\t\t\t\t\t\t\t\t<\/a>\n\t\t\t\t\t\t\t\t<\/li>\n\t\t\t\t\t\t\t\t\t\t\t\t\t\t\t<li class=\"tribe-events-c-subscribe-dropdown__list-item\">\n\t\t\t\t\t\t\t\t\t<a\n\t\t\t\t\t\t\t\t\t\thref=\"\"\n\t\t\t\t\t\t\t\t\t\tclass=\"tribe-events-c-subscribe-dropdown__list-item-link\"\n\t\t\t\t\t\t\t\t\t\ttabindex=\"0\"\n\t\t\t\t\t\t\t\t\t\ttarget=\"_blank\"\n\t\t\t\t\t\t\t\t\t\trel=\"noopener noreferrer nofollow noindex\"\n\t\t\t\t\t\t\t\t\t>\n\t\t\t\t\t\t\t\t\t\tOutlook 365\t\t\t\t\t\t\t\t\t<\/a>\n\t\t\t\t\t\t\t\t<\/li>\n\t\t\t\t\t\t\t\t\t\t\t\t\t\t\t<li class=\"tribe-events-c-subscribe-dropdown__list-item\">\n\t\t\t\t\t\t\t\t\t<a\n\t\t\t\t\t\t\t\t\t\thref=\"\"\n\t\t\t\t\t\t\t\t\t\tclass=\"tribe-events-c-subscribe-dropdown__list-item-link\"\n\t\t\t\t\t\t\t\t\t\ttabindex=\"0\"\n\t\t\t\t\t\t\t\t\t\ttarget=\"_blank\"\n\t\t\t\t\t\t\t\t\t\trel=\"noopener noreferrer nofollow noindex\"\n\t\t\t\t\t\t\t\t\t>\n\t\t\t\t\t\t\t\t\t\tOutlook Live\t\t\t\t\t\t\t\t\t<\/a>\n\t\t\t\t\t\t\t\t<\/li>\n\t\t\t\t\t\t\t\t\t\t\t\t\t<\/ul>\n\t\t\t\t\t<\/div>\n\t\t\t\t<\/div>\n\t\t\t<\/div>\n\t\t<\/div>\n\t<\/div>\n\n\n\n\n<p>Un mes cargado de actividades para redescubrir nuestra dehesa.<\/p>\n\n\n\n<p>Paseos por la dehesa, Rutas Bot\u00e1nicas, Ornitol\u00f3gicas, Noches de Estrellas, Rutas gastron\u00f3micas&#8230; \u00bfTe lo vas a perder?<\/p>\n\n\n\n<p><\/p>","excerpt":"","slug":"coria-sabor-de-primavera","image":{"url":"https:\/\/turismocoria.es\/turismo\/wp-content\/uploads\/2023\/02\/SABOR-DE-PRIMAVERA-2024.jpg","id":12368,"extension":"jpg","width":501,"height":709,"filesize":149909,"sizes":{"medium":{"width":212,"height":300,"mime-type":"image\/jpeg","filesize":27349,"url":"https:\/\/turismocoria.es\/turismo\/wp-content\/uploads\/2023\/02\/SABOR-DE-PRIMAVERA-2024-212x300.jpg"},"thumbnail":{"width":150,"height":150,"mime-type":"image\/jpeg","filesize":17514,"url":"https:\/\/turismocoria.es\/turismo\/wp-content\/uploads\/2023\/02\/SABOR-DE-PRIMAVERA-2024-150x150.jpg"},"gs-tiny":{"width":50,"height":71,"mime-type":"image\/jpeg","filesize":12016,"url":"https:\/\/turismocoria.es\/turismo\/wp-content\/uploads\/2023\/02\/SABOR-DE-PRIMAVERA-2024-50x71.jpg"},"ultp_layout_landscape":{"width":501,"height":570,"mime-type":"image\/jpeg","filesize":87563,"url":"https:\/\/turismocoria.es\/turismo\/wp-content\/uploads\/2023\/02\/SABOR-DE-PRIMAVERA-2024-501x570.jpg"},"ultp_layout_square":{"width":501,"height":600,"mime-type":"image\/jpeg","filesize":92062,"url":"https:\/\/turismocoria.es\/turismo\/wp-content\/uploads\/2023\/02\/SABOR-DE-PRIMAVERA-2024-501x600.jpg"},"gb-block-post-grid-landscape":{"width":501,"height":400,"mime-type":"image\/jpeg","filesize":62505,"url":"https:\/\/turismocoria.es\/turismo\/wp-content\/uploads\/2023\/02\/SABOR-DE-PRIMAVERA-2024-501x400.jpg"},"gb-block-post-grid-square":{"width":501,"height":600,"mime-type":"image\/jpeg","filesize":92062,"url":"https:\/\/turismocoria.es\/turismo\/wp-content\/uploads\/2023\/02\/SABOR-DE-PRIMAVERA-2024-501x600.jpg"}}},"all_day":false,"start_date":"2024-04-01 08:00:00","start_date_details":{"year":"2024","month":"04","day":"01","hour":"08","minutes":"00","seconds":"00"},"end_date":"2024-04-30 17:00:00","end_date_details":{"year":"2024","month":"04","day":"30","hour":"17","minutes":"00","seconds":"00"},"utc_start_date":"2024-04-01 06:00:00","utc_start_date_details":{"year":"2024","month":"04","day":"01","hour":"06","minutes":"00","seconds":"00"},"utc_end_date":"2024-04-30 15:00:00","utc_end_date_details":{"year":"2024","month":"04","day":"30","hour":"15","minutes":"00","seconds":"00"},"timezone":"Europe\/Madrid","timezone_abbr":"","cost":"","cost_details":{"currency_symbol":"\u20ac","currency_code":"EUR","currency_position":"suffix","values":[]},"website":"","show_map":true,"show_map_link":true,"hide_from_listings":false,"sticky":false,"featured":false,"categories":[],"tags":[{"name":"dehesa","slug":"dehesa","term_group":0,"term_taxonomy_id":437,"taxonomy":"post_tag","description":"","parent":0,"count":3,"filter":"raw","id":437,"urls":{"self":"https:\/\/turismocoria.es\/turismo\/wp-json\/tribe\/events\/v1\/tags\/437","collection":"https:\/\/turismocoria.es\/turismo\/wp-json\/tribe\/events\/v1\/tags"}},{"name":"deportes","slug":"deportes","term_group":0,"term_taxonomy_id":443,"taxonomy":"post_tag","description":"","parent":0,"count":2,"filter":"raw","id":443,"urls":{"self":"https:\/\/turismocoria.es\/turismo\/wp-json\/tribe\/events\/v1\/tags\/443","collection":"https:\/\/turismocoria.es\/turismo\/wp-json\/tribe\/events\/v1\/tags"}},{"name":"gastronom\u00eda","slug":"gastronomia","term_group":0,"term_taxonomy_id":427,"taxonomy":"post_tag","description":"","parent":0,"count":4,"filter":"raw","id":427,"urls":{"self":"https:\/\/turismocoria.es\/turismo\/wp-json\/tribe\/events\/v1\/tags\/427","collection":"https:\/\/turismocoria.es\/turismo\/wp-json\/tribe\/events\/v1\/tags"}},{"name":"naturaleza","slug":"naturaleza","term_group":0,"term_taxonomy_id":441,"taxonomy":"post_tag","description":"","parent":0,"count":1,"filter":"raw","id":441,"urls":{"self":"https:\/\/turismocoria.es\/turismo\/wp-json\/tribe\/events\/v1\/tags\/441","collection":"https:\/\/turismocoria.es\/turismo\/wp-json\/tribe\/events\/v1\/tags"}}],"venue":[],"organizer":[{"id":11943,"author":"3","status":"publish","date":"2023-08-04 11:57:49","date_utc":"2023-08-04 09:57:49","modified":"2023-08-04 11:57:49","modified_utc":"2023-08-04 09:57:49","url":"https:\/\/turismocoria.es\/turismo\/organizer\/ayuntamiento-de-coria\/","organizer":"Ayuntamiento de Coria","slug":"ayuntamiento-de-coria","json_ld":{"@type":"Person","name":"Ayuntamiento de Coria","description":"","url":"","telephone":"","email":"","sameAs":""},"global_id":"turismocoria.es\/turismo?id=11943","global_id_lineage":["turismocoria.es\/turismo?id=11943"]}],"json_ld":{"@context":"http:\/\/schema.org","@type":"Event","name":"II Coria &#8220;Sabor de Primavera&#8221;","description":"&lt;p&gt;Cultura, Gastronom\u00eda, Naturaleza y Dehesa. Un viaje a trav\u00e9s de los sentidos... Con esta iniciativa se pretende poner en valor los recursos naturales de nuestra localidad, en particular de la Dehesa Boyal de M\u00ednguez. El objetivo de esta actividad es promociona los diferentes aprovechamientos de la Dehesa, su Flora, Fauna y todas las actividades derivadas [&hellip;]&lt;\/p&gt;\\n","image":"https:\/\/turismocoria.es\/turismo\/wp-content\/uploads\/2023\/02\/SABOR-DE-PRIMAVERA-2024.jpg","url":"https:\/\/turismocoria.es\/turismo\/evento\/coria-sabor-de-primavera\/","eventAttendanceMode":"https:\/\/schema.org\/OfflineEventAttendanceMode","startDate":"2024-04-01T08:00:00+02:00","endDate":"2024-04-30T17:00:00+02:00","organizer":{"@type":"Person","name":"Ayuntamiento de Coria","description":"","url":"","telephone":"","email":"","sameAs":""},"performer":"Organization"}}