{"id":2418,"global_id":"turismocoria.es\/sanjuan?id=2418","global_id_lineage":["turismocoria.es\/sanjuan?id=2418"],"author":"2","status":"publish","date":"2023-06-20 12:48:30","date_utc":"2023-06-20 10:48:30","modified":"2025-06-11 10:54:48","modified_utc":"2025-06-11 08:54:48","url":"https:\/\/turismocoria.es\/sanjuan\/evento\/colecta-de-sangre-fiestas-de-san-juan\/","rest_url":"https:\/\/turismocoria.es\/sanjuan\/wp-json\/tribe\/events\/v1\/events\/2418","title":"IV Colecta de Sangre &#8211; Fiestas de San Juan 2025","description":"<div  class=\"tribe-events-schedule tribe-clearfix\" >\n\t<p class=\"tribe-events-schedule__datetime\">\n\t\t<span class=\"tribe-events-schedule__date tribe-events-schedule__date--start\">\n\t\t\t\t\t<\/span>\n\n\t\t\t\t\t<span class=\"tribe-events-schedule__separator tribe-events-schedule__separator--date\">\n\t\t\t\t @ \t\t\t<\/span>\n\t\t\t<span class=\"tribe-events-schedule__time tribe-events-schedule__time--start\">\n\t\t\t\t\t\t\t<\/span>\n\t\t\n\t\t\t<\/p>\n<\/div>\n\n\n\n\n\n<p class=\"wp-block-paragraph\"><\/p>\n\n\n<div  class=\"tribe-block tribe-block__event-price\" >\n\t\t<\/div>\n\n\n<div  class=\"tribe-block tribe-block__organizer__details tribe-clearfix\" >\n\t<div class=\"tribe-block__organizer__title\">\n\t\t<h3>Hermandad de Donantes de Coria<\/h3>\n\t<\/div>\n\t\t\t<\/div>\n\n\n<div  class=\"tribe-block tribe-block__venue tribe-clearfix\" >\n\t\n\t\t\n\t<\/div>\n\n\n\n\n\t<div  class=\"tribe-block tribe-block__events-link\" >\n\t\t<div class=\"tribe-events tribe-common\">\n\t\t\t<div class=\"tribe-events-c-subscribe-dropdown__container\">\n\t\t\t\t<div class=\"tribe-events-c-subscribe-dropdown\">\n\t\t\t\t\t<div class=\"tribe-common-c-btn-border tribe-events-c-subscribe-dropdown__button\">\n\t\t\t\t\t\t<svg\n\t class=\"tribe-common-c-svgicon tribe-common-c-svgicon--cal-export tribe-events-c-subscribe-dropdown__export-icon\" \taria-hidden=\"true\"\n\tviewBox=\"0 0 23 17\"\n\txmlns=\"http:\/\/www.w3.org\/2000\/svg\"\n>\n\t<path fill-rule=\"evenodd\" clip-rule=\"evenodd\" d=\"M.128.896V16.13c0 .211.145.383.323.383h15.354c.179 0 .323-.172.323-.383V.896c0-.212-.144-.383-.323-.383H.451C.273.513.128.684.128.896Zm16 6.742h-.901V4.679H1.009v10.729h14.218v-3.336h.901V7.638ZM1.01 1.614h14.218v2.058H1.009V1.614Z\" \/>\n\t<path d=\"M20.5 9.846H8.312M18.524 6.953l2.89 2.909-2.855 2.855\" stroke-width=\"1.2\" stroke-linecap=\"round\" stroke-linejoin=\"round\"\/>\n<\/svg>\n\t\t\t\t\t\t<button\n\t\t\t\t\t\t\tclass=\"tribe-events-c-subscribe-dropdown__button-text\"\n\t\t\t\t\t\t\taria-expanded=\"false\"\n\t\t\t\t\t\t\taria-controls=\"tribe-events-subscribe-dropdown-content\"\n\t\t\t\t\t\t\taria-label=\"Ver enlaces para a\u00f1adir eventos al calendario\"\n\t\t\t\t\t\t>\n\t\t\t\t\t\t\tA\u00f1adir al calendario\t\t\t\t\t\t<\/button>\n\t\t\t\t\t\t<svg\n\t class=\"tribe-common-c-svgicon tribe-common-c-svgicon--caret-down tribe-events-c-subscribe-dropdown__button-icon\" \taria-hidden=\"true\"\n\tviewBox=\"0 0 10 7\"\n\txmlns=\"http:\/\/www.w3.org\/2000\/svg\"\n>\n\t<path fill-rule=\"evenodd\" clip-rule=\"evenodd\" d=\"M1.008.609L5 4.6 8.992.61l.958.958L5 6.517.05 1.566l.958-.958z\" class=\"tribe-common-c-svgicon__svg-fill\"\/>\n<\/svg>\n\t\t\t\t\t<\/div>\n\t\t\t\t\t<div id=\"tribe-events-subscribe-dropdown-content\" class=\"tribe-events-c-subscribe-dropdown__content\">\n\t\t\t\t\t\t<ul class=\"tribe-events-c-subscribe-dropdown__list\">\n\t\t\t\t\t\t\t\t\t\t\t\t\t\t\t<li class=\"tribe-events-c-subscribe-dropdown__list-item tribe-events-c-subscribe-dropdown__list-item--gcal\">\n\t\t\t\t\t\t\t\t\t<a\n\t\t\t\t\t\t\t\t\t\thref=\"\"\n\t\t\t\t\t\t\t\t\t\tclass=\"tribe-events-c-subscribe-dropdown__list-item-link\"\n\t\t\t\t\t\t\t\t\t\ttarget=\"_blank\"\n\t\t\t\t\t\t\t\t\t\trel=\"noopener noreferrer nofollow noindex\"\n\t\t\t\t\t\t\t\t\t>\n\t\t\t\t\t\t\t\t\t\tGoogle Calendar\t\t\t\t\t\t\t\t\t<\/a>\n\t\t\t\t\t\t\t\t<\/li>\n\t\t\t\t\t\t\t\t\t\t\t\t\t\t\t<li class=\"tribe-events-c-subscribe-dropdown__list-item tribe-events-c-subscribe-dropdown__list-item--ical\">\n\t\t\t\t\t\t\t\t\t<a\n\t\t\t\t\t\t\t\t\t\thref=\"\"\n\t\t\t\t\t\t\t\t\t\tclass=\"tribe-events-c-subscribe-dropdown__list-item-link\"\n\t\t\t\t\t\t\t\t\t\ttarget=\"_blank\"\n\t\t\t\t\t\t\t\t\t\trel=\"noopener noreferrer nofollow noindex\"\n\t\t\t\t\t\t\t\t\t>\n\t\t\t\t\t\t\t\t\t\tiCalendar\t\t\t\t\t\t\t\t\t<\/a>\n\t\t\t\t\t\t\t\t<\/li>\n\t\t\t\t\t\t\t\t\t\t\t\t\t\t\t<li class=\"tribe-events-c-subscribe-dropdown__list-item tribe-events-c-subscribe-dropdown__list-item--outlook-365\">\n\t\t\t\t\t\t\t\t\t<a\n\t\t\t\t\t\t\t\t\t\thref=\"\"\n\t\t\t\t\t\t\t\t\t\tclass=\"tribe-events-c-subscribe-dropdown__list-item-link\"\n\t\t\t\t\t\t\t\t\t\ttarget=\"_blank\"\n\t\t\t\t\t\t\t\t\t\trel=\"noopener noreferrer nofollow noindex\"\n\t\t\t\t\t\t\t\t\t>\n\t\t\t\t\t\t\t\t\t\tOutlook 365\t\t\t\t\t\t\t\t\t<\/a>\n\t\t\t\t\t\t\t\t<\/li>\n\t\t\t\t\t\t\t\t\t\t\t\t\t\t\t<li class=\"tribe-events-c-subscribe-dropdown__list-item tribe-events-c-subscribe-dropdown__list-item--outlook-live\">\n\t\t\t\t\t\t\t\t\t<a\n\t\t\t\t\t\t\t\t\t\thref=\"\"\n\t\t\t\t\t\t\t\t\t\tclass=\"tribe-events-c-subscribe-dropdown__list-item-link\"\n\t\t\t\t\t\t\t\t\t\ttarget=\"_blank\"\n\t\t\t\t\t\t\t\t\t\trel=\"noopener noreferrer nofollow noindex\"\n\t\t\t\t\t\t\t\t\t>\n\t\t\t\t\t\t\t\t\t\tOutlook Live\t\t\t\t\t\t\t\t\t<\/a>\n\t\t\t\t\t\t\t\t<\/li>\n\t\t\t\t\t\t\t\t\t\t\t\t\t<\/ul>\n\t\t\t\t\t<\/div>\n\t\t\t\t<\/div>\n\t\t\t<\/div>\n\t\t<\/div>\n\t<\/div>","excerpt":"","slug":"colecta-de-sangre-fiestas-de-san-juan","image":{"url":"https:\/\/turismocoria.es\/sanjuan\/wp-content\/uploads\/2023\/06\/colecta-sanjuan-2025.webp","id":3316,"extension":"webp","width":1080,"height":1520,"filesize":171356,"sizes":{"medium":{"width":213,"height":300,"mime-type":"image\/webp","filesize":30160,"url":"https:\/\/turismocoria.es\/sanjuan\/wp-content\/uploads\/2023\/06\/colecta-sanjuan-2025-213x300.webp"},"large":{"width":728,"height":1024,"mime-type":"image\/webp","filesize":96688,"url":"https:\/\/turismocoria.es\/sanjuan\/wp-content\/uploads\/2023\/06\/colecta-sanjuan-2025-728x1024.webp"},"thumbnail":{"width":150,"height":150,"mime-type":"image\/webp","filesize":19850,"url":"https:\/\/turismocoria.es\/sanjuan\/wp-content\/uploads\/2023\/06\/colecta-sanjuan-2025-150x150.webp"},"medium_large":{"width":768,"height":1081,"mime-type":"image\/webp","filesize":101636,"url":"https:\/\/turismocoria.es\/sanjuan\/wp-content\/uploads\/2023\/06\/colecta-sanjuan-2025-768x1081.webp"},"ultp_layout_landscape_large":{"width":1080,"height":800,"mime-type":"image\/webp","filesize":82674,"url":"https:\/\/turismocoria.es\/sanjuan\/wp-content\/uploads\/2023\/06\/colecta-sanjuan-2025-1080x800.webp"},"ultp_layout_landscape":{"width":870,"height":570,"mime-type":"image\/webp","filesize":59702,"url":"https:\/\/turismocoria.es\/sanjuan\/wp-content\/uploads\/2023\/06\/colecta-sanjuan-2025-870x570.webp"},"ultp_layout_portrait":{"width":600,"height":900,"mime-type":"image\/webp","filesize":85722,"url":"https:\/\/turismocoria.es\/sanjuan\/wp-content\/uploads\/2023\/06\/colecta-sanjuan-2025-600x900.webp"},"ultp_layout_square":{"width":600,"height":600,"mime-type":"image\/webp","filesize":57826,"url":"https:\/\/turismocoria.es\/sanjuan\/wp-content\/uploads\/2023\/06\/colecta-sanjuan-2025-600x600.webp"},"ashe-slider-full-thumbnail":{"width":1080,"height":540,"mime-type":"image\/webp","filesize":57522,"url":"https:\/\/turismocoria.es\/sanjuan\/wp-content\/uploads\/2023\/06\/colecta-sanjuan-2025-1080x540.webp"},"ashe-list-thumbnail":{"width":300,"height":300,"mime-type":"image\/webp","filesize":31050,"url":"https:\/\/turismocoria.es\/sanjuan\/wp-content\/uploads\/2023\/06\/colecta-sanjuan-2025-300x300.webp"},"ashe-grid-thumbnail":{"width":500,"height":330,"mime-type":"image\/webp","filesize":36282,"url":"https:\/\/turismocoria.es\/sanjuan\/wp-content\/uploads\/2023\/06\/colecta-sanjuan-2025-500x330.webp"},"ashe-single-navigation":{"width":75,"height":75,"mime-type":"image\/webp","filesize":15562,"url":"https:\/\/turismocoria.es\/sanjuan\/wp-content\/uploads\/2023\/06\/colecta-sanjuan-2025-75x75.webp"}}},"all_day":false,"start_date":"2025-06-18 18:00:00","start_date_details":{"year":"2025","month":"06","day":"18","hour":"18","minutes":"00","seconds":"00"},"end_date":"2025-06-18 22:00:00","end_date_details":{"year":"2025","month":"06","day":"18","hour":"22","minutes":"00","seconds":"00"},"utc_start_date":"2025-06-18 16:00:00","utc_start_date_details":{"year":"2025","month":"06","day":"18","hour":"16","minutes":"00","seconds":"00"},"utc_end_date":"2025-06-18 20:00:00","utc_end_date_details":{"year":"2025","month":"06","day":"18","hour":"20","minutes":"00","seconds":"00"},"timezone":"Europe\/Madrid","timezone_abbr":"","cost":"","cost_details":{"currency_symbol":"\u20ac","currency_code":"EUR","currency_position":"suffix","values":[]},"website":"","show_map":false,"show_map_link":false,"hide_from_listings":false,"sticky":false,"featured":false,"categories":[{"name":"Programa Cultural","slug":"cultural","term_group":0,"term_taxonomy_id":71,"taxonomy":"tribe_events_cat","description":"Eventos Culturales de las Fiestas de San Juan de Coria","parent":0,"count":40,"filter":"raw","id":71,"urls":{"self":"https:\/\/turismocoria.es\/sanjuan\/wp-json\/tribe\/events\/v1\/categories\/71","collection":"https:\/\/turismocoria.es\/sanjuan\/wp-json\/tribe\/events\/v1\/categories"}}],"tags":[],"venue":{"id":1726,"author":"1","status":"publish","date":"2022-05-25 08:59:43","date_utc":"2022-05-25 07:59:43","modified":"2022-05-25 08:59:43","modified_utc":"2022-05-25 07:59:43","url":"https:\/\/turismocoria.es\/sanjuan\/recinto\/casa-de-cultura\/","venue":"Casa de Cultura","slug":"casa-de-cultura","address":"Plaza de la Solidaridad s\/n","city":"Coria","country":"Espa\u00f1a","province":"C\u00e1ceres","zip":"10800","phone":"927508000 Ext-260","stateprovince":"C\u00e1ceres","json_ld":{"@type":"Place","name":"Casa de Cultura","description":"","url":"","address":{"@type":"PostalAddress","streetAddress":"Plaza de la Solidaridad s\/n","addressLocality":"Coria","addressRegion":"C\u00e1ceres","postalCode":"10800","addressCountry":"Espa\u00f1a"},"telephone":"927508000 Ext-260","sameAs":""},"show_map":true,"show_map_link":true,"global_id":"turismocoria.es\/sanjuan?id=1726","global_id_lineage":["turismocoria.es\/sanjuan?id=1726"]},"organizer":[{"id":2419,"author":"1","status":"publish","date":"2023-06-20 12:48:32","date_utc":"2023-06-20 10:48:32","modified":"2023-06-20 12:48:32","modified_utc":"2023-06-20 10:48:32","url":"https:\/\/turismocoria.es\/sanjuan\/organizador\/hermandad-de-donantes-de-coria\/","organizer":"Hermandad de Donantes de Coria","slug":"hermandad-de-donantes-de-coria","json_ld":{"@type":"Person","name":"Hermandad de Donantes de Coria","description":"","url":"","telephone":"","email":"","sameAs":""},"global_id":"turismocoria.es\/sanjuan?id=2419","global_id_lineage":["turismocoria.es\/sanjuan?id=2419"]}],"custom_fields":[],"json_ld":{"@context":"http:\/\/schema.org","@type":"Event","name":"IV Colecta de Sangre &#8211; Fiestas de San Juan 2025","description":"","image":"https:\/\/turismocoria.es\/sanjuan\/wp-content\/uploads\/2023\/06\/colecta-sanjuan-2025.webp","url":"https:\/\/turismocoria.es\/sanjuan\/evento\/colecta-de-sangre-fiestas-de-san-juan\/","eventAttendanceMode":"https:\/\/schema.org\/OfflineEventAttendanceMode","eventStatus":"https:\/\/schema.org\/EventScheduled","startDate":"2025-06-18T18:00:00+02:00","endDate":"2025-06-18T22:00:00+02:00","location":{"@type":"Place","name":"Casa de Cultura","description":"","url":"","address":{"@type":"PostalAddress","streetAddress":"Plaza de la Solidaridad s\/n","addressLocality":"Coria","addressRegion":"C\u00e1ceres","postalCode":"10800","addressCountry":"Espa\u00f1a"},"telephone":"927508000 Ext-260","sameAs":""},"organizer":{"@type":"Person","name":"Hermandad de Donantes de Coria","description":"","url":"","telephone":"","email":"","sameAs":""},"performer":"Organization"}}