{"id":1524,"global_id":"turismocoria.es\/sanjuan?id=1524","global_id_lineage":["turismocoria.es\/sanjuan?id=1524"],"author":"2","status":"publish","date":"2022-05-20 09:14:43","date_utc":"2022-05-20 07:14:43","modified":"2025-05-26 08:45:08","modified_utc":"2025-05-26 06:45:08","url":"https:\/\/turismocoria.es\/sanjuan\/evento\/misa-y-procesion-del-corpus-christi\/","rest_url":"https:\/\/turismocoria.es\/sanjuan\/wp-json\/tribe\/events\/v1\/events\/1524","title":"Misa y Procesi\u00f3n del Corpus Christi","description":"<div  class=\"tribe-events-schedule tribe-clearfix\" >\n\t<p class=\"tribe-events-schedule__datetime\">\n\t\t<span class=\"tribe-events-schedule__date tribe-events-schedule__date--start\">\n\t\t\t\t\t<\/span>\n\n\t\t\t\t\t<span class=\"tribe-events-schedule__separator tribe-events-schedule__separator--date\">\n\t\t\t\t @ \t\t\t<\/span>\n\t\t\t<span class=\"tribe-events-schedule__time tribe-events-schedule__time--start\">\n\t\t\t\t\t\t\t<\/span>\n\t\t\n\t\t\t<\/p>\n<\/div>\n\n\n\n\n\n<p class=\"wp-block-paragraph\"><strong>Acto previo al nombramiento del Abanderado de las Fiestas de San Juan.<\/strong><\/p>\n\n\n\n<p class=\"wp-block-paragraph\">Festividad de la Eucarist\u00eda por las angostas calles del Casco Hist\u00f3rico de Coria.<\/p>\n\n\n\n<p class=\"wp-block-paragraph\">Festividad religiosa de fecha movible dentro del calendario cristiano al depender de la celebraci\u00f3n de la Pascua, en la que destaca la solemne Procesi\u00f3n de la Eucarist\u00eda por el Casco Hist\u00f3rico de la Ciudad de Coria que, presidida por el Obispo de la Di\u00f3cesis acompa\u00f1ado por el Cabildo y la Corporaci\u00f3n Municipal bajo mazas, congrega al pueblo cauriense para finalmente dar a conocer, desde el balc\u00f3n Consistorial, al Abanderado, Reina y Damas de Honor de las Fiestas de San Juan.<\/p>\n\n\n\n<p class=\"wp-block-paragraph\">Perrunillas, floretas, gazpacho, m\u00e1s el tradicional ponche, se convierten este d\u00eda en los \u00e1gapes con los que el reci\u00e9n proclamado Abanderado agasaja a sus conciudadanos y visitantes, como ya vino siendo tradici\u00f3n desde anta\u00f1o, en acto de agradecimiento por su asistencia a su oficial nombramiento en la Plaza de San Pedro.<\/p>\n\n\n\t<div  class=\"tribe-block tribe-block__events-link\" >\n\t\t<div class=\"tribe-events tribe-common\">\n\t\t\t<div class=\"tribe-events-c-subscribe-dropdown__container\">\n\t\t\t\t<div class=\"tribe-events-c-subscribe-dropdown\">\n\t\t\t\t\t<div class=\"tribe-common-c-btn-border tribe-events-c-subscribe-dropdown__button\">\n\t\t\t\t\t\t<svg\n\t class=\"tribe-common-c-svgicon tribe-common-c-svgicon--cal-export tribe-events-c-subscribe-dropdown__export-icon\" \taria-hidden=\"true\"\n\tviewBox=\"0 0 23 17\"\n\txmlns=\"http:\/\/www.w3.org\/2000\/svg\"\n>\n\t<path fill-rule=\"evenodd\" clip-rule=\"evenodd\" d=\"M.128.896V16.13c0 .211.145.383.323.383h15.354c.179 0 .323-.172.323-.383V.896c0-.212-.144-.383-.323-.383H.451C.273.513.128.684.128.896Zm16 6.742h-.901V4.679H1.009v10.729h14.218v-3.336h.901V7.638ZM1.01 1.614h14.218v2.058H1.009V1.614Z\" \/>\n\t<path d=\"M20.5 9.846H8.312M18.524 6.953l2.89 2.909-2.855 2.855\" stroke-width=\"1.2\" stroke-linecap=\"round\" stroke-linejoin=\"round\"\/>\n<\/svg>\n\t\t\t\t\t\t<button\n\t\t\t\t\t\t\tclass=\"tribe-events-c-subscribe-dropdown__button-text\"\n\t\t\t\t\t\t\taria-expanded=\"false\"\n\t\t\t\t\t\t\taria-controls=\"tribe-events-subscribe-dropdown-content\"\n\t\t\t\t\t\t\taria-label=\"Ver enlaces para a\u00f1adir eventos al calendario\"\n\t\t\t\t\t\t>\n\t\t\t\t\t\t\tA\u00f1adir al calendario\t\t\t\t\t\t<\/button>\n\t\t\t\t\t\t<svg\n\t class=\"tribe-common-c-svgicon tribe-common-c-svgicon--caret-down tribe-events-c-subscribe-dropdown__button-icon\" \taria-hidden=\"true\"\n\tviewBox=\"0 0 10 7\"\n\txmlns=\"http:\/\/www.w3.org\/2000\/svg\"\n>\n\t<path fill-rule=\"evenodd\" clip-rule=\"evenodd\" d=\"M1.008.609L5 4.6 8.992.61l.958.958L5 6.517.05 1.566l.958-.958z\" class=\"tribe-common-c-svgicon__svg-fill\"\/>\n<\/svg>\n\t\t\t\t\t<\/div>\n\t\t\t\t\t<div id=\"tribe-events-subscribe-dropdown-content\" class=\"tribe-events-c-subscribe-dropdown__content\">\n\t\t\t\t\t\t<ul class=\"tribe-events-c-subscribe-dropdown__list\">\n\t\t\t\t\t\t\t\t\t\t\t\t\t\t\t<li class=\"tribe-events-c-subscribe-dropdown__list-item tribe-events-c-subscribe-dropdown__list-item--gcal\">\n\t\t\t\t\t\t\t\t\t<a\n\t\t\t\t\t\t\t\t\t\thref=\"\"\n\t\t\t\t\t\t\t\t\t\tclass=\"tribe-events-c-subscribe-dropdown__list-item-link\"\n\t\t\t\t\t\t\t\t\t\ttarget=\"_blank\"\n\t\t\t\t\t\t\t\t\t\trel=\"noopener noreferrer nofollow noindex\"\n\t\t\t\t\t\t\t\t\t>\n\t\t\t\t\t\t\t\t\t\tGoogle Calendar\t\t\t\t\t\t\t\t\t<\/a>\n\t\t\t\t\t\t\t\t<\/li>\n\t\t\t\t\t\t\t\t\t\t\t\t\t\t\t<li class=\"tribe-events-c-subscribe-dropdown__list-item tribe-events-c-subscribe-dropdown__list-item--ical\">\n\t\t\t\t\t\t\t\t\t<a\n\t\t\t\t\t\t\t\t\t\thref=\"\"\n\t\t\t\t\t\t\t\t\t\tclass=\"tribe-events-c-subscribe-dropdown__list-item-link\"\n\t\t\t\t\t\t\t\t\t\ttarget=\"_blank\"\n\t\t\t\t\t\t\t\t\t\trel=\"noopener noreferrer nofollow noindex\"\n\t\t\t\t\t\t\t\t\t>\n\t\t\t\t\t\t\t\t\t\tiCalendar\t\t\t\t\t\t\t\t\t<\/a>\n\t\t\t\t\t\t\t\t<\/li>\n\t\t\t\t\t\t\t\t\t\t\t\t\t\t\t<li class=\"tribe-events-c-subscribe-dropdown__list-item tribe-events-c-subscribe-dropdown__list-item--outlook-365\">\n\t\t\t\t\t\t\t\t\t<a\n\t\t\t\t\t\t\t\t\t\thref=\"\"\n\t\t\t\t\t\t\t\t\t\tclass=\"tribe-events-c-subscribe-dropdown__list-item-link\"\n\t\t\t\t\t\t\t\t\t\ttarget=\"_blank\"\n\t\t\t\t\t\t\t\t\t\trel=\"noopener noreferrer nofollow noindex\"\n\t\t\t\t\t\t\t\t\t>\n\t\t\t\t\t\t\t\t\t\tOutlook 365\t\t\t\t\t\t\t\t\t<\/a>\n\t\t\t\t\t\t\t\t<\/li>\n\t\t\t\t\t\t\t\t\t\t\t\t\t\t\t<li class=\"tribe-events-c-subscribe-dropdown__list-item tribe-events-c-subscribe-dropdown__list-item--outlook-live\">\n\t\t\t\t\t\t\t\t\t<a\n\t\t\t\t\t\t\t\t\t\thref=\"\"\n\t\t\t\t\t\t\t\t\t\tclass=\"tribe-events-c-subscribe-dropdown__list-item-link\"\n\t\t\t\t\t\t\t\t\t\ttarget=\"_blank\"\n\t\t\t\t\t\t\t\t\t\trel=\"noopener noreferrer nofollow noindex\"\n\t\t\t\t\t\t\t\t\t>\n\t\t\t\t\t\t\t\t\t\tOutlook Live\t\t\t\t\t\t\t\t\t<\/a>\n\t\t\t\t\t\t\t\t<\/li>\n\t\t\t\t\t\t\t\t\t\t\t\t\t<\/ul>\n\t\t\t\t\t<\/div>\n\t\t\t\t<\/div>\n\t\t\t<\/div>\n\t\t<\/div>\n\t<\/div>\n\n\n\n<div  class=\"tribe-events-single-section tribe-events-event-meta primary tribe-clearfix\" >\n\t\n\t\n<div class=\"tribe-events-meta-group tribe-events-meta-group-details\">\n\t<h3 class=\"tribe-events-single-section-title\">\n\t\t\t\t\tDetalles\t\t\n\t<\/h3>\n\t<ul class=\"tribe-events-meta-list\">\n\n\t\t\n\t\t\t<li class=\"tribe-events-meta-item\">\n\t\t\t\t<span class=\"tribe-events-meta-label\">Fecha:<\/span>\n\t\t\t\t<span class=\"tribe-events-meta-value\">\n\t\t\t\t\t<abbr class=\"tribe-events-abbr tribe-events-start-date published dtstart\" title=\"\">  <\/abbr>\n\t\t\t\t<\/span>\n\t\t\t<\/li>\n\n\t\t\t<li class=\"tribe-events-meta-item\">\n\t\t\t\t<span class=\"tribe-events-meta-label\">Hora:<\/span>\n\t\t\t\t<span class=\"tribe-events-meta-value\">\n\t\t\t\t\t<div class=\"tribe-events-abbr tribe-events-start-time published dtstart\" title=\"\">\n\t\t\t\t\t\t\t\t\t\t\t\t\t\t\t\t\t\t\t<span class=\"tribe-events-abbr tribe-events-time-zone published\">CEST<\/span>\n\t\t\t\t\t\t\t\t\t\t\t<\/div>\n\t\t\t\t<\/span>\n\t\t\t<\/li>\n\n\t\t\n\t\t\n\t\t\n\t\t\n\t\t\n\t\t\n\t\t\t<\/ul>\n<\/div>\n\t\n\t<\/div>\n\n\n<div  class=\"tribe-block tribe-block__venue tribe-clearfix\" >\n\t\n\t\t\n\t<\/div>","excerpt":"","slug":"misa-y-procesion-del-corpus-christi","image":{"url":"https:\/\/turismocoria.es\/sanjuan\/wp-content\/uploads\/2018\/05\/corpus.jpg","id":261,"extension":"jpg","width":800,"height":533,"sizes":{"medium":{"width":300,"height":200,"mime-type":"image\/jpeg","url":"https:\/\/turismocoria.es\/sanjuan\/wp-content\/uploads\/2018\/05\/corpus-300x200.jpg"},"thumbnail":{"width":150,"height":150,"mime-type":"image\/jpeg","url":"https:\/\/turismocoria.es\/sanjuan\/wp-content\/uploads\/2018\/05\/corpus-150x150.jpg"},"medium_large":{"width":768,"height":512,"mime-type":"image\/jpeg","url":"https:\/\/turismocoria.es\/sanjuan\/wp-content\/uploads\/2018\/05\/corpus-768x512.jpg"},"ashe-list-thumbnail":{"width":300,"height":300,"mime-type":"image\/jpeg","url":"https:\/\/turismocoria.es\/sanjuan\/wp-content\/uploads\/2018\/05\/corpus-300x300.jpg"},"ashe-grid-thumbnail":{"width":500,"height":330,"mime-type":"image\/jpeg","url":"https:\/\/turismocoria.es\/sanjuan\/wp-content\/uploads\/2018\/05\/corpus-500x330.jpg"},"ashe-single-navigation":{"width":75,"height":75,"mime-type":"image\/jpeg","url":"https:\/\/turismocoria.es\/sanjuan\/wp-content\/uploads\/2018\/05\/corpus-75x75.jpg"}}},"all_day":false,"start_date":"2025-06-22 18:00:00","start_date_details":{"year":"2025","month":"06","day":"22","hour":"18","minutes":"00","seconds":"00"},"end_date":"2025-06-22 19:30:00","end_date_details":{"year":"2025","month":"06","day":"22","hour":"19","minutes":"30","seconds":"00"},"utc_start_date":"2025-06-22 16:00:00","utc_start_date_details":{"year":"2025","month":"06","day":"22","hour":"16","minutes":"00","seconds":"00"},"utc_end_date":"2025-06-22 17:30:00","utc_end_date_details":{"year":"2025","month":"06","day":"22","hour":"17","minutes":"30","seconds":"00"},"timezone":"UTC+1","timezone_abbr":"UTC+1","cost":"Gratuito","cost_details":{"currency_symbol":"\u20ac","currency_code":"","currency_position":"suffix","values":["gratuito"]},"website":"","show_map":false,"show_map_link":false,"hide_from_listings":false,"sticky":false,"featured":false,"categories":[{"name":"Programa Cultural","slug":"cultural","term_group":0,"term_taxonomy_id":71,"taxonomy":"tribe_events_cat","description":"Eventos Culturales de las Fiestas de San Juan de Coria","parent":0,"count":40,"filter":"raw","id":71,"urls":{"self":"https:\/\/turismocoria.es\/sanjuan\/wp-json\/tribe\/events\/v1\/categories\/71","collection":"https:\/\/turismocoria.es\/sanjuan\/wp-json\/tribe\/events\/v1\/categories"}}],"tags":[{"name":"001","slug":"001","term_group":0,"term_taxonomy_id":34,"taxonomy":"post_tag","description":"","parent":0,"count":1,"filter":"raw","id":34,"urls":{"self":"https:\/\/turismocoria.es\/sanjuan\/wp-json\/tribe\/events\/v1\/tags\/34","collection":"https:\/\/turismocoria.es\/sanjuan\/wp-json\/tribe\/events\/v1\/tags"}},{"name":"coria","slug":"coria","term_group":0,"term_taxonomy_id":17,"taxonomy":"post_tag","description":"","parent":0,"count":45,"filter":"raw","id":17,"urls":{"self":"https:\/\/turismocoria.es\/sanjuan\/wp-json\/tribe\/events\/v1\/tags\/17","collection":"https:\/\/turismocoria.es\/sanjuan\/wp-json\/tribe\/events\/v1\/tags"}},{"name":"corpus","slug":"corpus","term_group":0,"term_taxonomy_id":19,"taxonomy":"post_tag","description":"","parent":0,"count":3,"filter":"raw","id":19,"urls":{"self":"https:\/\/turismocoria.es\/sanjuan\/wp-json\/tribe\/events\/v1\/tags\/19","collection":"https:\/\/turismocoria.es\/sanjuan\/wp-json\/tribe\/events\/v1\/tags"}},{"name":"Corpus Christi","slug":"corpus-christi","term_group":0,"term_taxonomy_id":18,"taxonomy":"post_tag","description":"","parent":0,"count":1,"filter":"raw","id":18,"urls":{"self":"https:\/\/turismocoria.es\/sanjuan\/wp-json\/tribe\/events\/v1\/tags\/18","collection":"https:\/\/turismocoria.es\/sanjuan\/wp-json\/tribe\/events\/v1\/tags"}}],"venue":{"id":1526,"author":"1","status":"publish","date":"2022-05-20 09:14:43","date_utc":"2022-05-20 08:14:43","modified":"2022-05-20 09:14:43","modified_utc":"2022-05-20 08:14:43","url":"https:\/\/turismocoria.es\/sanjuan\/recinto\/catedral\/","venue":"Catedral","slug":"catedral","address":"Plaza de la Catedral s\/n","city":"Coria","country":"Espa\u00f1a","province":"C\u00e1ceres","zip":"10800","stateprovince":"C\u00e1ceres","json_ld":{"@type":"Place","name":"Catedral","description":"","url":"","address":{"@type":"PostalAddress","streetAddress":"Plaza de la Catedral s\/n","addressLocality":"Coria","addressRegion":"C\u00e1ceres","postalCode":"10800","addressCountry":"Espa\u00f1a"},"telephone":"","sameAs":""},"show_map":true,"show_map_link":true,"global_id":"turismocoria.es\/sanjuan?id=1526","global_id_lineage":["turismocoria.es\/sanjuan?id=1526"]},"organizer":[],"custom_fields":[],"json_ld":{"@context":"http:\/\/schema.org","@type":"Event","name":"Misa y Procesi\u00f3n del Corpus Christi","description":"&lt;p&gt;Acto previo al nombramiento del Abanderado de las Fiestas de San Juan. Festividad de la Eucarist\u00eda por las angostas calles del Casco Hist\u00f3rico de Coria. Festividad religiosa de fecha movible dentro del calendario cristiano al depender de la celebraci\u00f3n de la Pascua, en la que destaca la solemne Procesi\u00f3n de la Eucarist\u00eda por el Casco Hist\u00f3rico de la Ciudad de Coria que, presidida por el Obispo de la Di\u00f3cesis acompa\u00f1ado por el Cabildo y la Corporaci\u00f3n Municipal bajo mazas, congrega al pueblo cauriense para finalmente dar a conocer, desde el balc\u00f3n Consistorial, al Abanderado, Reina y Damas de Honor de las Fiestas de San Juan. Perrunillas, floretas, gazpacho, m\u00e1s el tradicional ponche, se convierten este d\u00eda en los \u00e1gapes con los que el reci\u00e9n proclamado Abanderado agasaja a sus conciudadanos y visitantes, como ya vino siendo tradici\u00f3n desde anta\u00f1o, en acto de agradecimiento por su asistencia a su oficial nombramiento en la Plaza de San Pedro.&lt;\/p&gt;\\n","image":"https:\/\/turismocoria.es\/sanjuan\/wp-content\/uploads\/2018\/05\/corpus.jpg","url":"https:\/\/turismocoria.es\/sanjuan\/evento\/misa-y-procesion-del-corpus-christi\/","eventAttendanceMode":"https:\/\/schema.org\/OfflineEventAttendanceMode","eventStatus":"https:\/\/schema.org\/EventScheduled","startDate":"2025-06-22T18:00:00+02:00","endDate":"2025-06-22T19:30:00+02:00","location":{"@type":"Place","name":"Catedral","description":"","url":"","address":{"@type":"PostalAddress","streetAddress":"Plaza de la Catedral s\/n","addressLocality":"Coria","addressRegion":"C\u00e1ceres","postalCode":"10800","addressCountry":"Espa\u00f1a"},"telephone":"","sameAs":""},"offers":{"@type":"Offer","price":"0","priceCurrency":"EUR","url":"https:\/\/turismocoria.es\/sanjuan\/evento\/misa-y-procesion-del-corpus-christi\/","category":"primary","availability":"inStock","validFrom":"1970-01-01T00:00:00+00:00"},"performer":"Organization"}}